{"id":5617,"date":"2019-06-08T18:01:05","date_gmt":"2019-06-08T23:01:05","guid":{"rendered":"http:\/\/diariodigitalmx.com\/?p=5617"},"modified":"2019-10-18T23:14:43","modified_gmt":"2019-10-19T04:14:43","slug":"restringen-subida-a-cerro-de-la-silla-sube-venta-de-climas-y-abanicos-ante-ola-de-calor","status":"publish","type":"post","link":"https:\/\/diariodigitalmx.com\/index.php\/2019\/06\/08\/restringen-subida-a-cerro-de-la-silla-sube-venta-de-climas-y-abanicos-ante-ola-de-calor\/","title":{"rendered":"Restringen acceso a Cerro de La Silla; sube venta de climas y abanicos ante ola de calor"},"content":{"rendered":"\n<p>Guadalupe, N. L- Ante las temperaturas que alcanzaron los 43 grados cent\u00edgrados y para evitar golpes de calor o insolaci\u00f3n, fue restringida parcialmente la subida al Cerro de la Silla.<br><\/p>\n\n\n\n<p>El s\u00edmbolo de Monterrey se localiza en parte en este municipio metropolitano, principalmente por el \u00e1rea en donde cientos de deportistas acostumbran subir por veredas hasta el pico norte de 1823 metros de altura.<br><\/p>\n\n\n\n<p>Personal de Protecci\u00f3n Civil y de la Polic\u00eda de Guadalupe estar\u00e1n, al menos el fin de semana en los accesos principales al cerro para impedir el paso a los excursionistas y evitar que sufran alg\u00fan percance<br><\/p>\n\n\n\n<p>El Ayuntamiento solicita a trav\u00e9s de redes sociales &nbsp;&nbsp;a la poblaci\u00f3n no escalar la monta\u00f1a de las 11:00 hasta las 17:00 horas, lapso en el cual la temperatura supera los 40 grados cent\u00edgrados.<br><\/p>\n\n\n\n<p>La ola de calor mayor &nbsp;en Nuevo Le\u00f3n comenz\u00f3 el viernes con una temperatura que alcanz\u00f3 los 44 grados en la zona metropolitana.<br><\/p>\n\n\n\n<p>Durante la tarde del s\u00e1bado el term\u00f3metro lleg\u00f3 a los 43 grados cent\u00edgrados de acuerdo con Protecci\u00f3n Civil del Estado, quien implement\u00f3 un operativo de hidrataci\u00f3n y atenci\u00f3n m\u00e9dica en el centro de la ciudad.<br><\/p>\n\n\n\n<p>En principio la restricci\u00f3n es solo para s\u00e1bado y domingo pero podr\u00eda extenderse toda vez que se esperan d\u00edas de m\u00e1s calor en las siguientes semanas, seg\u00fan se inform\u00f3 en la alcald\u00eda de Guadalupe.<br><\/p>\n\n\n\n<p>Por otro lado, ante la ola de calor que supera los 40 grados en el \u00e1rea metropolitana se presentaron &nbsp;compras p\u00e1nico en las tiendas de abanicos y climas.<br><\/p>\n\n\n\n<p>Ventiladores, aires lavados y climas son los m\u00e1s buscados por los regios que pr\u00e1cticamente abarrotaron las tiendas de electrodom\u00e9sticos.<br><\/p>\n\n\n\n<p>Un sondeo entre los compradores se\u00f1ala que es una necesidad el clima en Monterrey por lo que adquieren climas que van desde seis mil y hasta nueve mil pesos de una tonelada.<\/p>\n\n\n\n<p><\/p>\n\n\n\n<p><\/p>\n\n\n\n<p><br><\/p>\n\n\n\n<figure class=\"wp-block-image\"><img loading=\"lazy\" decoding=\"async\" width=\"1024\" height=\"768\" src=\"http:\/\/diariodigitalmx.com\/wp-content\/uploads\/2019\/06\/IMG_20190608_173130993-1024x768.jpg\" alt=\"\" class=\"wp-image-5623\" srcset=\"https:\/\/diariodigitalmx.com\/wp-content\/uploads\/2019\/06\/IMG_20190608_173130993-1024x768.jpg 1024w, https:\/\/diariodigitalmx.com\/wp-content\/uploads\/2019\/06\/IMG_20190608_173130993-300x225.jpg 300w, https:\/\/diariodigitalmx.com\/wp-content\/uploads\/2019\/06\/IMG_20190608_173130993-768x576.jpg 768w\" sizes=\"(max-width: 1024px) 100vw, 1024px\" \/><\/figure>\n","protected":false},"excerpt":{"rendered":"<p>Guadalupe, N. L- Ante las temperaturas que alcanzaron los 43 grados cent\u00edgrados y para evitar golpes de calor o insolaci\u00f3n, fue restringida parcialmente la subida al Cerro de la Silla. El s\u00edmbolo de Monterrey se localiza en parte en este municipio metropolitano, principalmente por el \u00e1rea en donde cientos de deportistas acostumbran subir por veredas [&hellip;]<\/p>\n","protected":false},"author":1,"featured_media":5620,"comment_status":"open","ping_status":"open","sticky":false,"template":"","format":"standard","meta":{"footnotes":""},"categories":[6],"tags":[],"_links":{"self":[{"href":"https:\/\/diariodigitalmx.com\/index.php\/wp-json\/wp\/v2\/posts\/5617"}],"collection":[{"href":"https:\/\/diariodigitalmx.com\/index.php\/wp-json\/wp\/v2\/posts"}],"about":[{"href":"https:\/\/diariodigitalmx.com\/index.php\/wp-json\/wp\/v2\/types\/post"}],"author":[{"embeddable":true,"href":"https:\/\/diariodigitalmx.com\/index.php\/wp-json\/wp\/v2\/users\/1"}],"replies":[{"embeddable":true,"href":"https:\/\/diariodigitalmx.com\/index.php\/wp-json\/wp\/v2\/comments?post=5617"}],"version-history":[{"count":6,"href":"https:\/\/diariodigitalmx.com\/index.php\/wp-json\/wp\/v2\/posts\/5617\/revisions"}],"predecessor-version":[{"id":5625,"href":"https:\/\/diariodigitalmx.com\/index.php\/wp-json\/wp\/v2\/posts\/5617\/revisions\/5625"}],"wp:featuredmedia":[{"embeddable":true,"href":"https:\/\/diariodigitalmx.com\/index.php\/wp-json\/wp\/v2\/media\/5620"}],"wp:attachment":[{"href":"https:\/\/diariodigitalmx.com\/index.php\/wp-json\/wp\/v2\/media?parent=5617"}],"wp:term":[{"taxonomy":"category","embeddable":true,"href":"https:\/\/diariodigitalmx.com\/index.php\/wp-json\/wp\/v2\/categories?post=5617"},{"taxonomy":"post_tag","embeddable":true,"href":"https:\/\/diariodigitalmx.com\/index.php\/wp-json\/wp\/v2\/tags?post=5617"}],"curies":[{"name":"wp","href":"https:\/\/api.w.org\/{rel}","templated":true}]}}