{"id":5662,"date":"2019-06-11T10:28:27","date_gmt":"2019-06-11T15:28:27","guid":{"rendered":"http:\/\/diariodigitalmx.com\/?p=5662"},"modified":"2019-10-18T23:12:36","modified_gmt":"2019-10-19T04:12:36","slug":"por-cierto-59","status":"publish","type":"post","link":"https:\/\/diariodigitalmx.com\/index.php\/2019\/06\/11\/por-cierto-59\/","title":{"rendered":"Por cierto&#8230;"},"content":{"rendered":"\n<p>\u00d3scar Tamez Rodr\u00edguez<\/p>\n\n\n\n<p>La CNDH denuncia violaci\u00f3n a los derechos humanos de los ni\u00f1os y sus padres por la cancelaci\u00f3n del programa de guarder\u00edas. Vaya, son decisiones absurdas por decir lo menos, es que este organismo aut\u00f3nomo se mete a politizar un asunto que responde a pol\u00edticas p\u00fablicas del ejecutivo y no a violaciones de derechos humanos. Esta resoluci\u00f3n abre la puerta a que cualquiera denunciemos ausencia de programas que nos regalen auto, vivienda, postgrados, viajes de vacaciones al extranjero; al final de cuentas, la ausencia de estos servicios vulneran la calidad de vida de millones de mexicanos. Ahora falta que hayan grupos quienes interpongan denuncias ante la CNDH porque sus derechos se vulneran al regalar sus impuestos a ni\u00f1os aviadores y padres gandallas. \u00a1Probado est\u00e1 que m\u00e1s de la mitad de beneficiarios no responden al perfil del programa!<\/p>\n\n\n\n<p>Oscar Tamez Rdz.&nbsp;<a href=\"http:\/\/www.estudiospoliticos.mx\/\" target=\"_blank\" rel=\"noreferrer noopener\">www.estudiospoliticos.mx<\/a><a href=\"http:\/\/facebook.com\/EstudiosPoliticos.mx\" target=\"_blank\" rel=\"noreferrer noopener\">Facebook.com\/EstudiosPoliticos.mx<\/a>@EstudiosMx<\/p>\n\n\n\n<p><\/p>\n","protected":false},"excerpt":{"rendered":"<p>\u00d3scar Tamez Rodr\u00edguez La CNDH denuncia violaci\u00f3n a los derechos humanos de los ni\u00f1os y sus padres por la cancelaci\u00f3n del programa de guarder\u00edas. Vaya, son decisiones absurdas por decir lo menos, es que este organismo aut\u00f3nomo se mete a politizar un asunto que responde a pol\u00edticas p\u00fablicas del ejecutivo y no a violaciones de [&hellip;]<\/p>\n","protected":false},"author":1,"featured_media":5344,"comment_status":"open","ping_status":"open","sticky":false,"template":"","format":"standard","meta":{"footnotes":""},"categories":[12],"tags":[],"_links":{"self":[{"href":"https:\/\/diariodigitalmx.com\/index.php\/wp-json\/wp\/v2\/posts\/5662"}],"collection":[{"href":"https:\/\/diariodigitalmx.com\/index.php\/wp-json\/wp\/v2\/posts"}],"about":[{"href":"https:\/\/diariodigitalmx.com\/index.php\/wp-json\/wp\/v2\/types\/post"}],"author":[{"embeddable":true,"href":"https:\/\/diariodigitalmx.com\/index.php\/wp-json\/wp\/v2\/users\/1"}],"replies":[{"embeddable":true,"href":"https:\/\/diariodigitalmx.com\/index.php\/wp-json\/wp\/v2\/comments?post=5662"}],"version-history":[{"count":1,"href":"https:\/\/diariodigitalmx.com\/index.php\/wp-json\/wp\/v2\/posts\/5662\/revisions"}],"predecessor-version":[{"id":5663,"href":"https:\/\/diariodigitalmx.com\/index.php\/wp-json\/wp\/v2\/posts\/5662\/revisions\/5663"}],"wp:featuredmedia":[{"embeddable":true,"href":"https:\/\/diariodigitalmx.com\/index.php\/wp-json\/wp\/v2\/media\/5344"}],"wp:attachment":[{"href":"https:\/\/diariodigitalmx.com\/index.php\/wp-json\/wp\/v2\/media?parent=5662"}],"wp:term":[{"taxonomy":"category","embeddable":true,"href":"https:\/\/diariodigitalmx.com\/index.php\/wp-json\/wp\/v2\/categories?post=5662"},{"taxonomy":"post_tag","embeddable":true,"href":"https:\/\/diariodigitalmx.com\/index.php\/wp-json\/wp\/v2\/tags?post=5662"}],"curies":[{"name":"wp","href":"https:\/\/api.w.org\/{rel}","templated":true}]}}