{"id":5664,"date":"2019-06-11T10:31:45","date_gmt":"2019-06-11T15:31:45","guid":{"rendered":"http:\/\/diariodigitalmx.com\/?p=5664"},"modified":"2019-10-18T23:12:15","modified_gmt":"2019-10-19T04:12:15","slug":"para-cumplir-acuerdos-migratorios-crea-amlo-equipo","status":"publish","type":"post","link":"https:\/\/diariodigitalmx.com\/index.php\/2019\/06\/11\/para-cumplir-acuerdos-migratorios-crea-amlo-equipo\/","title":{"rendered":"Para cumplir acuerdos migratorios crea AMLO equipo"},"content":{"rendered":"\n<p>El presidente Andr\u00e9s Manuel L\u00f3pez Obrador dio a conocer la integraci\u00f3n de un equipo especial para atender el tema migratorio, la cual estar\u00e1 integrada por cinco funcionarios que ser\u00e1n encabezados por el secretario de Relaciones Exteriores, Marcelo Ebrard.<\/p>\n\n\n\n<p>En conferencia de prensa, donde refrend\u00f3 su postura en el sentido de que la mejor v\u00eda de enfrentar el fen\u00f3meno migratorio es la cooperaci\u00f3n internacional en pro del desarrollo de los pa\u00edses pobres, el mandatario federal indic\u00f3 que esa es la propuesta de M\u00e9xico y la quiere demostrar en los hechos.<\/p>\n\n\n\n\n\n<p>L\u00f3pez Obrador detall\u00f3 que en la comisi\u00f3n participar\u00e1n Vicente Antonio Hern\u00e1ndez S\u00e1nchez; Francisco Gardu\u00f1o Y\u00e1\u00f1ez; Javier May Rodr\u00edguez; Horacio Duarte Olivares, y Maximiliano Reyes Z\u00fa\u00f1iga.<\/p>\n\n\n\n<p>A su vez, Ebrard inform\u00f3 que desde hoy se trabajar\u00e1 con las diversas dependencias en un plan especial para atender la situaci\u00f3n de los migrantes en territorio mexicano, y que&nbsp;la Guardia Nacional iniciar\u00e1 su recorrido para acelerar que se integren estas instancias para respaldar a las instituciones de migraci\u00f3n en las fronteras norte y sur.<\/p>\n\n\n\n<p>El secretario de Relaciones Exteriores subray\u00f3 que esto no era el plan de Estados Unidos, sino que se trata de una propuesta de M\u00e9xico, para lo cual se tiene un tiempo para demostrar que se puede regular el flujo migratorio de acuerdo a las leyes mexicanas y los compromisos con nivel internacional.<\/p>\n","protected":false},"excerpt":{"rendered":"<p>El presidente Andr\u00e9s Manuel L\u00f3pez Obrador dio a conocer la integraci\u00f3n de un equipo especial para atender el tema migratorio, la cual estar\u00e1 integrada por cinco funcionarios que ser\u00e1n encabezados por el secretario de Relaciones Exteriores, Marcelo Ebrard. En conferencia de prensa, donde refrend\u00f3 su postura en el sentido de que la mejor v\u00eda de [&hellip;]<\/p>\n","protected":false},"author":1,"featured_media":5667,"comment_status":"open","ping_status":"open","sticky":false,"template":"","format":"standard","meta":{"footnotes":""},"categories":[2],"tags":[],"_links":{"self":[{"href":"https:\/\/diariodigitalmx.com\/index.php\/wp-json\/wp\/v2\/posts\/5664"}],"collection":[{"href":"https:\/\/diariodigitalmx.com\/index.php\/wp-json\/wp\/v2\/posts"}],"about":[{"href":"https:\/\/diariodigitalmx.com\/index.php\/wp-json\/wp\/v2\/types\/post"}],"author":[{"embeddable":true,"href":"https:\/\/diariodigitalmx.com\/index.php\/wp-json\/wp\/v2\/users\/1"}],"replies":[{"embeddable":true,"href":"https:\/\/diariodigitalmx.com\/index.php\/wp-json\/wp\/v2\/comments?post=5664"}],"version-history":[{"count":2,"href":"https:\/\/diariodigitalmx.com\/index.php\/wp-json\/wp\/v2\/posts\/5664\/revisions"}],"predecessor-version":[{"id":5666,"href":"https:\/\/diariodigitalmx.com\/index.php\/wp-json\/wp\/v2\/posts\/5664\/revisions\/5666"}],"wp:featuredmedia":[{"embeddable":true,"href":"https:\/\/diariodigitalmx.com\/index.php\/wp-json\/wp\/v2\/media\/5667"}],"wp:attachment":[{"href":"https:\/\/diariodigitalmx.com\/index.php\/wp-json\/wp\/v2\/media?parent=5664"}],"wp:term":[{"taxonomy":"category","embeddable":true,"href":"https:\/\/diariodigitalmx.com\/index.php\/wp-json\/wp\/v2\/categories?post=5664"},{"taxonomy":"post_tag","embeddable":true,"href":"https:\/\/diariodigitalmx.com\/index.php\/wp-json\/wp\/v2\/tags?post=5664"}],"curies":[{"name":"wp","href":"https:\/\/api.w.org\/{rel}","templated":true}]}}