{"id":5672,"date":"2019-06-11T13:22:33","date_gmt":"2019-06-11T18:22:33","guid":{"rendered":"http:\/\/diariodigitalmx.com\/?p=5672"},"modified":"2019-10-18T23:11:58","modified_gmt":"2019-10-19T04:11:58","slug":"lamenta-karina-barron-atraso-en-paridad-total","status":"publish","type":"post","link":"https:\/\/diariodigitalmx.com\/index.php\/2019\/06\/11\/lamenta-karina-barron-atraso-en-paridad-total\/","title":{"rendered":"Lamenta Karina Barr\u00f3n atraso en Paridad Total"},"content":{"rendered":"\n<p>La diputada de Movimiento Ciudadano, y presidenta de la Comisi\u00f3n para la Igualdad de G\u00e9nero, Karina Barr\u00f3n Perales, celebr\u00f3 la aprobaci\u00f3n en Comisiones de la Minuta de Paridad Total que garantiza la igualdad en la designaci\u00f3n de cargos p\u00fablicos en los tres niveles de gobierno, pero lament\u00f3 que Nuevo Le\u00f3n no estuviera entre los 17 Estados avalaron la Reforma Constitucional.<\/p>\n\n\n\n<p>En este sentido hizo un llamado a sus compa\u00f1eros diputados y a los coordinadores de las bancadas que integran el Congreso del Estado, para que cumplan el compromiso de aprobar el dictamen de paridad en un periodo extraordinario, pues \u201cya vamos tarde en el tema de apoyar a las mujeres\u201d.<\/p>\n\n\n\n<p>\u201cVamos tarde, no hicimos historia en Nuevo Le\u00f3n con el tema de apoyar a las mujeres, hay mucho que trabajar para apoyar a los millones de mujeres que est\u00e1n afuera y que votaron y confiaron en nosotros\u201d, explic\u00f3.<\/p>\n\n\n\n<p>\u201cAgradezco que se est\u00e9 viendo este tema, y espero que tambi\u00e9n los coordinadores tomen la decisi\u00f3n de no posponer un (per\u00edodo) extraordinario, se ten\u00eda contemplada una fecha para el d\u00eda de ma\u00f1ana, esperemos que se mantenga esta fecha, porque es una pena que somos punta de lanza en muchos temas, pero no en el tema de las mismas oportunidades entre hombres y mujeres\u201d, se\u00f1al\u00f3 la legisladora.<\/p>\n\n\n\n<p>Karina Barr\u00f3n estuvo presente durante la aprobaci\u00f3n de la minuta por parte de la Comisi\u00f3n de Legislaci\u00f3n y Puntos Constitucionales, al final de la cual manifest\u00f3 su preocupaci\u00f3n por la tardanza en la aprobaci\u00f3n de la \u201cParidad Total\u201d y record\u00f3 que existen una serie de reformas en el mismo tema detenidas por la falta de consenso entre los partidos pol\u00edticos.<\/p>\n\n\n\n<figure class=\"wp-block-image\"><img loading=\"lazy\" decoding=\"async\" width=\"1024\" height=\"682\" src=\"http:\/\/diariodigitalmx.com\/wp-content\/uploads\/2019\/06\/IMG-20190611-WA0011-1024x682.jpg\" alt=\"\" class=\"wp-image-5676\" srcset=\"https:\/\/diariodigitalmx.com\/wp-content\/uploads\/2019\/06\/IMG-20190611-WA0011-1024x682.jpg 1024w, https:\/\/diariodigitalmx.com\/wp-content\/uploads\/2019\/06\/IMG-20190611-WA0011-300x200.jpg 300w, https:\/\/diariodigitalmx.com\/wp-content\/uploads\/2019\/06\/IMG-20190611-WA0011-768x512.jpg 768w, https:\/\/diariodigitalmx.com\/wp-content\/uploads\/2019\/06\/IMG-20190611-WA0011.jpg 1280w\" sizes=\"(max-width: 1024px) 100vw, 1024px\" \/><\/figure>\n","protected":false},"excerpt":{"rendered":"<p>La diputada de Movimiento Ciudadano, y presidenta de la Comisi\u00f3n para la Igualdad de G\u00e9nero, Karina Barr\u00f3n Perales, celebr\u00f3 la aprobaci\u00f3n en Comisiones de la Minuta de Paridad Total que garantiza la igualdad en la designaci\u00f3n de cargos p\u00fablicos en los tres niveles de gobierno, pero lament\u00f3 que Nuevo Le\u00f3n no estuviera entre los 17 [&hellip;]<\/p>\n","protected":false},"author":1,"featured_media":5675,"comment_status":"open","ping_status":"open","sticky":false,"template":"","format":"standard","meta":{"footnotes":""},"categories":[6],"tags":[],"_links":{"self":[{"href":"https:\/\/diariodigitalmx.com\/index.php\/wp-json\/wp\/v2\/posts\/5672"}],"collection":[{"href":"https:\/\/diariodigitalmx.com\/index.php\/wp-json\/wp\/v2\/posts"}],"about":[{"href":"https:\/\/diariodigitalmx.com\/index.php\/wp-json\/wp\/v2\/types\/post"}],"author":[{"embeddable":true,"href":"https:\/\/diariodigitalmx.com\/index.php\/wp-json\/wp\/v2\/users\/1"}],"replies":[{"embeddable":true,"href":"https:\/\/diariodigitalmx.com\/index.php\/wp-json\/wp\/v2\/comments?post=5672"}],"version-history":[{"count":3,"href":"https:\/\/diariodigitalmx.com\/index.php\/wp-json\/wp\/v2\/posts\/5672\/revisions"}],"predecessor-version":[{"id":5677,"href":"https:\/\/diariodigitalmx.com\/index.php\/wp-json\/wp\/v2\/posts\/5672\/revisions\/5677"}],"wp:featuredmedia":[{"embeddable":true,"href":"https:\/\/diariodigitalmx.com\/index.php\/wp-json\/wp\/v2\/media\/5675"}],"wp:attachment":[{"href":"https:\/\/diariodigitalmx.com\/index.php\/wp-json\/wp\/v2\/media?parent=5672"}],"wp:term":[{"taxonomy":"category","embeddable":true,"href":"https:\/\/diariodigitalmx.com\/index.php\/wp-json\/wp\/v2\/categories?post=5672"},{"taxonomy":"post_tag","embeddable":true,"href":"https:\/\/diariodigitalmx.com\/index.php\/wp-json\/wp\/v2\/tags?post=5672"}],"curies":[{"name":"wp","href":"https:\/\/api.w.org\/{rel}","templated":true}]}}