{"id":5691,"date":"2019-06-11T20:05:05","date_gmt":"2019-06-12T01:05:05","guid":{"rendered":"http:\/\/diariodigitalmx.com\/?p=5691"},"modified":"2019-10-18T23:11:38","modified_gmt":"2019-10-19T04:11:38","slug":"acuerdo-secreto-con-mexico-se-mostrara-cuando-yo-quiera-afirma-trump","status":"publish","type":"post","link":"https:\/\/diariodigitalmx.com\/index.php\/2019\/06\/11\/acuerdo-secreto-con-mexico-se-mostrara-cuando-yo-quiera-afirma-trump\/","title":{"rendered":"Acuerdo secreto con M\u00e9xico se mostrar\u00e1 cuando yo quiera, afirma Trump"},"content":{"rendered":"\n<p>El presidente de EU, Donald Trump, dijo este martes que si \u00e9l quiere puede hacer que entre en vigor su supuesto acuerdo secreto con M\u00e9xico, y contradijo as\u00ed la versi\u00f3n del Gobierno mexicano y su propia afirmaci\u00f3n de que para implementar el pacto hace falta que antes lo ratifique el Congreso del pa\u00eds vecino.<\/p>\n\n\n\n<p>Antes de abandonar la Casa Blanca rumbo a Iowa, Trump se acerc\u00f3 a la prensa y sac\u00f3 de su chaqueta una hoja de papel doblada, que agit\u00f3 ante los periodistas sin mostrar su contenido.<\/p>\n\n\n\n<p>&#8220;Este es el acuerdo que todo el mundo dice que no tengo. Voy a dejar que M\u00e9xico haga el anuncio (sobre su contenido) en el momento adecuado&#8221;, asegur\u00f3 el mandatario.<\/p>\n\n\n\n<p>Trump lleva desde el domingo insistiendo en que el acuerdo que su Gobierno alcanz\u00f3 el pasado viernes con el mexicano para frenar la imposici\u00f3n de aranceles a las importaciones del pa\u00eds vecino incluye elementos que a\u00fan no se han anunciado.<\/p>\n\n\n\n<p>El ministro de Exteriores mexicano, Marcelo Ebrard, asegur\u00f3 este lunes que &#8220;no hay ning\u00fan acuerdo de ninguna especie que no se haya dado a conocer&#8221; y que todo lo que se pact\u00f3 fue divulgado el viernes, pero Trump ha continuado con su versi\u00f3n.<\/p>\n\n\n\n<p>&#8220;Esta es una p\u00e1gina de un acuerdo muy largo y muy bueno entre M\u00e9xico y Estados Unidos&#8221;, recalc\u00f3 el mandatario.<\/p>\n\n\n\n<p>Opin\u00f3 que el Gobierno mexicano no quiere hacer p\u00fablico todav\u00eda el acuerdo porque su contenido &#8220;tendr\u00eda que someterse a (la aprobaci\u00f3n de) su \u00f3rgano legislativo&#8221;.<\/p>\n\n\n\n<p>Pero despu\u00e9s, al ser preguntado por si hay alguna circunstancia que le llevar\u00eda a revelar el contenido del acuerdo, Trump respondi\u00f3 que podr\u00eda hacerlo, e incluso implementar el pacto, &#8220;si los n\u00fameros (de inmigrantes indocumentados que llegan a EE.UU. despu\u00e9s de atravesar M\u00e9xico) no bajan mucho&#8221;.<\/p>\n\n\n\n<p>&#8220;Esto entra en vigor cuando yo quiera. Es una opci\u00f3n que tengo&#8221;, subray\u00f3.<br><\/p>\n","protected":false},"excerpt":{"rendered":"<p>El presidente de EU, Donald Trump, dijo este martes que si \u00e9l quiere puede hacer que entre en vigor su supuesto acuerdo secreto con M\u00e9xico, y contradijo as\u00ed la versi\u00f3n del Gobierno mexicano y su propia afirmaci\u00f3n de que para implementar el pacto hace falta que antes lo ratifique el Congreso del pa\u00eds vecino. Antes [&hellip;]<\/p>\n","protected":false},"author":1,"featured_media":5693,"comment_status":"open","ping_status":"open","sticky":false,"template":"","format":"standard","meta":{"footnotes":""},"categories":[4],"tags":[],"_links":{"self":[{"href":"https:\/\/diariodigitalmx.com\/index.php\/wp-json\/wp\/v2\/posts\/5691"}],"collection":[{"href":"https:\/\/diariodigitalmx.com\/index.php\/wp-json\/wp\/v2\/posts"}],"about":[{"href":"https:\/\/diariodigitalmx.com\/index.php\/wp-json\/wp\/v2\/types\/post"}],"author":[{"embeddable":true,"href":"https:\/\/diariodigitalmx.com\/index.php\/wp-json\/wp\/v2\/users\/1"}],"replies":[{"embeddable":true,"href":"https:\/\/diariodigitalmx.com\/index.php\/wp-json\/wp\/v2\/comments?post=5691"}],"version-history":[{"count":1,"href":"https:\/\/diariodigitalmx.com\/index.php\/wp-json\/wp\/v2\/posts\/5691\/revisions"}],"predecessor-version":[{"id":5692,"href":"https:\/\/diariodigitalmx.com\/index.php\/wp-json\/wp\/v2\/posts\/5691\/revisions\/5692"}],"wp:featuredmedia":[{"embeddable":true,"href":"https:\/\/diariodigitalmx.com\/index.php\/wp-json\/wp\/v2\/media\/5693"}],"wp:attachment":[{"href":"https:\/\/diariodigitalmx.com\/index.php\/wp-json\/wp\/v2\/media?parent=5691"}],"wp:term":[{"taxonomy":"category","embeddable":true,"href":"https:\/\/diariodigitalmx.com\/index.php\/wp-json\/wp\/v2\/categories?post=5691"},{"taxonomy":"post_tag","embeddable":true,"href":"https:\/\/diariodigitalmx.com\/index.php\/wp-json\/wp\/v2\/tags?post=5691"}],"curies":[{"name":"wp","href":"https:\/\/api.w.org\/{rel}","templated":true}]}}