{"id":5694,"date":"2019-06-11T20:08:13","date_gmt":"2019-06-12T01:08:13","guid":{"rendered":"http:\/\/diariodigitalmx.com\/?p=5694"},"modified":"2019-10-18T23:10:53","modified_gmt":"2019-10-19T04:10:53","slug":"militarizacion-parcial-del-parlamento-venezolano-denuncia-guaido","status":"publish","type":"post","link":"https:\/\/diariodigitalmx.com\/index.php\/2019\/06\/11\/militarizacion-parcial-del-parlamento-venezolano-denuncia-guaido\/","title":{"rendered":"Militarizaci\u00f3n parcial del parlamento venezolano, denuncia Guaid\u00f3"},"content":{"rendered":"\n<p>El l\u00edder del Parlamento de Venezuela, Juan Guaid\u00f3, denunci\u00f3 este martes la militarizaci\u00f3n parcial de la sede del poder Legislativo, luego de que miembros de la Guardia Nacional Bolivariana (GNB, polic\u00eda militarizada) impidieron por varias horas el ingreso de los periodistas a la cobertura de la sesi\u00f3n ordinaria.<\/p>\n\n\n\n<p>&#8220;Sigue militarizado parcialmente hoy el Palacio Federal Legislativo&#8221;, dijo a periodistas Guaid\u00f3, quien es reconocido como presidente interino por m\u00e1s de 50 pa\u00edses, tras producirse el ingreso de los comunicadores a la sede de la c\u00e1mara de diputados tras horas de espera ante la negativa de la GNB.<\/p>\n\n\n\n<p>A primera hora de este martes, el Sindicato Nacional de Trabajadores de la Prensa (SNTP) alert\u00f3 a trav\u00e9s de su cuenta en Twitter que despu\u00e9s de que la semana anterior &#8220;se lograra el ingreso tras 5 semanas de censura&#8221; hoy se produjo &#8220;un paso atr\u00e1s en las garant\u00edas para los periodistas&#8221; con el bloqueo de la GNB.<\/p>\n\n\n\n<p>Por su parte, el Colegio Nacional de Periodistas denunci\u00f3 que, &#8220;nuevamente violentando derechos establecidos&#8221; en la Constituci\u00f3n Nacional, la Guardia Nacional &#8220;viola tambi\u00e9n tratados internacionales de DDHH y Libertad de Expresi\u00f3n al no permitir entrada a los medios a la @AsambleaVE&#8221;.<\/p>\n\n\n\n<p>Luego del fallido levantamiento militar del pasado 30 de abril, que encabez\u00f3 el l\u00edder del Parlamento Juan Guaid\u00f3, la GNB reforz\u00f3 la vigilancia del Palacio Federal Legislativo y limit\u00f3 el acceso de los medios de comunicaci\u00f3n.<\/p>\n\n\n\n<p>Sin embargo, el pasado martes 4 de junio los periodistas junto a varios diputados rompieron el cerco de la GNB e ingresaron por la fuerza a la sede del Parlamento.<\/p>\n\n\n\n<p>Las limitaciones al ingreso han afectado incluso a los diputados opositores, que son mayor\u00eda en el Poder Legislativo, quienes en una ocasi\u00f3n no pudieron acceder a la sede por una supuesta alerta de bomba dentro del edificio, situaci\u00f3n que no ha sido aclarada hasta el momento.<\/p>\n","protected":false},"excerpt":{"rendered":"<p>El l\u00edder del Parlamento de Venezuela, Juan Guaid\u00f3, denunci\u00f3 este martes la militarizaci\u00f3n parcial de la sede del poder Legislativo, luego de que miembros de la Guardia Nacional Bolivariana (GNB, polic\u00eda militarizada) impidieron por varias horas el ingreso de los periodistas a la cobertura de la sesi\u00f3n ordinaria. &#8220;Sigue militarizado parcialmente hoy el Palacio Federal [&hellip;]<\/p>\n","protected":false},"author":1,"featured_media":5696,"comment_status":"open","ping_status":"open","sticky":false,"template":"","format":"standard","meta":{"footnotes":""},"categories":[4],"tags":[],"_links":{"self":[{"href":"https:\/\/diariodigitalmx.com\/index.php\/wp-json\/wp\/v2\/posts\/5694"}],"collection":[{"href":"https:\/\/diariodigitalmx.com\/index.php\/wp-json\/wp\/v2\/posts"}],"about":[{"href":"https:\/\/diariodigitalmx.com\/index.php\/wp-json\/wp\/v2\/types\/post"}],"author":[{"embeddable":true,"href":"https:\/\/diariodigitalmx.com\/index.php\/wp-json\/wp\/v2\/users\/1"}],"replies":[{"embeddable":true,"href":"https:\/\/diariodigitalmx.com\/index.php\/wp-json\/wp\/v2\/comments?post=5694"}],"version-history":[{"count":1,"href":"https:\/\/diariodigitalmx.com\/index.php\/wp-json\/wp\/v2\/posts\/5694\/revisions"}],"predecessor-version":[{"id":5695,"href":"https:\/\/diariodigitalmx.com\/index.php\/wp-json\/wp\/v2\/posts\/5694\/revisions\/5695"}],"wp:featuredmedia":[{"embeddable":true,"href":"https:\/\/diariodigitalmx.com\/index.php\/wp-json\/wp\/v2\/media\/5696"}],"wp:attachment":[{"href":"https:\/\/diariodigitalmx.com\/index.php\/wp-json\/wp\/v2\/media?parent=5694"}],"wp:term":[{"taxonomy":"category","embeddable":true,"href":"https:\/\/diariodigitalmx.com\/index.php\/wp-json\/wp\/v2\/categories?post=5694"},{"taxonomy":"post_tag","embeddable":true,"href":"https:\/\/diariodigitalmx.com\/index.php\/wp-json\/wp\/v2\/tags?post=5694"}],"curies":[{"name":"wp","href":"https:\/\/api.w.org\/{rel}","templated":true}]}}