{"id":5720,"date":"2019-06-12T11:11:11","date_gmt":"2019-06-12T16:11:11","guid":{"rendered":"http:\/\/diariodigitalmx.com\/?p=5720"},"modified":"2019-10-18T18:47:14","modified_gmt":"2019-10-18T23:47:14","slug":"muere-cebra-en-la-pastora-su-madre-le-dio-una-patada","status":"publish","type":"post","link":"https:\/\/diariodigitalmx.com\/index.php\/2019\/06\/12\/muere-cebra-en-la-pastora-su-madre-le-dio-una-patada\/","title":{"rendered":"Muere cebra en La Pastora; su madre le di\u00f3 una patada"},"content":{"rendered":"\n<p><br><\/p>\n\n\n\n<p>Guadalupe, N. L- Cuando apenas ten\u00eda seis d\u00edas de nacida, una cebra muri\u00f3 por una supuesta patada que le dio su madre, en el parque Zool\u00f3gico La Pastora.<br><\/p>\n\n\n\n<p>La acci\u00f3n provoc\u00f3 que grupos de ecologistas y protectores de animales protesten y ahora exig\u00edan la salida del funcionario responsable de la direcci\u00f3n de Parques y Vida Silvestre, Roberto Chavarr\u00eda Gallegos<br><\/p>\n\n\n\n<p>Mientras tanto, integrantes de la Comisi\u00f3n de Medio Ambiente del Congreso local clasificaron la muerte del animal como otra negligencia, mismas que se han repetido en diferentes ocasiones, seg\u00fan dijeron.<\/p>\n\n\n\n<p>Las diputadas Ivonne Bustos, del Verde Ecologista, Claudia Tapia de la bancada de Morena, as\u00ed como el tambi\u00e9n legislador &nbsp;Luis Armando Torres, dijeron que no es la primera negligencia que se presenta en el parque, pues tambi\u00e9n enumera la muerte de la elefanta &#8220;Pancha&#8221;, adem\u00e1s de la mam\u00e1 de &#8220;Monty, misma que ten\u00eda 30 a\u00f1os de edad y muri\u00f3 por una torsi\u00f3n intestinal.<br><\/p>\n\n\n\n<p>Recuerdan que cuando reabrieron el zool\u00f3gico, una jirafa escap\u00f3 de su jaula; adem\u00e1s, en &nbsp;el 2017 La Pastora ten\u00eda un inventario de 618 animales de 318 especies, pero hasta el d\u00eda de hoy se desconoce la cantidad de animales que contin\u00faan, pues muchas jaulas permanecen vac\u00edas.<br><\/p>\n\n\n\n<p>Por ello, los tres legisladores coincidieron en solicitar &nbsp;&nbsp;que se despida a Chavarr\u00eda, pues no tiene conocimiento de c\u00f3mo manejar la vida silvestre.<br><\/p>\n\n\n\n<p>De acuerdo a &nbsp;Chavarr\u00eda la cebra hab\u00eda nacido el 30 de mayo a las 7:00 A. M y asegur\u00f3 en ese momento que los animales \u201csolamente se reproducen cuando se sienten a gusto\u201d.<br><\/p>\n\n\n\n<p>El director de Parques indicaba que hasta ese momento hab\u00edan nacido tres tigres, dos lobos canadienses, dos faisanes, un ant\u00edlope eland, un ant\u00edlope de agua y 15 borregos muflones.<\/p>\n\n\n\n<p><\/p>\n\n\n\n<p><\/p>\n\n\n\n<p><\/p>\n","protected":false},"excerpt":{"rendered":"<p>Guadalupe, N. L- Cuando apenas ten\u00eda seis d\u00edas de nacida, una cebra muri\u00f3 por una supuesta patada que le dio su madre, en el parque Zool\u00f3gico La Pastora. La acci\u00f3n provoc\u00f3 que grupos de ecologistas y protectores de animales protesten y ahora exig\u00edan la salida del funcionario responsable de la direcci\u00f3n de Parques y Vida [&hellip;]<\/p>\n","protected":false},"author":1,"featured_media":5722,"comment_status":"open","ping_status":"open","sticky":false,"template":"","format":"standard","meta":{"footnotes":""},"categories":[6],"tags":[],"_links":{"self":[{"href":"https:\/\/diariodigitalmx.com\/index.php\/wp-json\/wp\/v2\/posts\/5720"}],"collection":[{"href":"https:\/\/diariodigitalmx.com\/index.php\/wp-json\/wp\/v2\/posts"}],"about":[{"href":"https:\/\/diariodigitalmx.com\/index.php\/wp-json\/wp\/v2\/types\/post"}],"author":[{"embeddable":true,"href":"https:\/\/diariodigitalmx.com\/index.php\/wp-json\/wp\/v2\/users\/1"}],"replies":[{"embeddable":true,"href":"https:\/\/diariodigitalmx.com\/index.php\/wp-json\/wp\/v2\/comments?post=5720"}],"version-history":[{"count":1,"href":"https:\/\/diariodigitalmx.com\/index.php\/wp-json\/wp\/v2\/posts\/5720\/revisions"}],"predecessor-version":[{"id":5721,"href":"https:\/\/diariodigitalmx.com\/index.php\/wp-json\/wp\/v2\/posts\/5720\/revisions\/5721"}],"wp:featuredmedia":[{"embeddable":true,"href":"https:\/\/diariodigitalmx.com\/index.php\/wp-json\/wp\/v2\/media\/5722"}],"wp:attachment":[{"href":"https:\/\/diariodigitalmx.com\/index.php\/wp-json\/wp\/v2\/media?parent=5720"}],"wp:term":[{"taxonomy":"category","embeddable":true,"href":"https:\/\/diariodigitalmx.com\/index.php\/wp-json\/wp\/v2\/categories?post=5720"},{"taxonomy":"post_tag","embeddable":true,"href":"https:\/\/diariodigitalmx.com\/index.php\/wp-json\/wp\/v2\/tags?post=5720"}],"curies":[{"name":"wp","href":"https:\/\/api.w.org\/{rel}","templated":true}]}}