{"id":573,"date":"2019-02-26T16:21:37","date_gmt":"2019-02-26T22:21:37","guid":{"rendered":"http:\/\/diariodigitalmx.com\/?p=573"},"modified":"2019-02-26T16:22:26","modified_gmt":"2019-02-26T22:22:26","slug":"correran-10-mil-duendes-por-noble-causa","status":"publish","type":"post","link":"https:\/\/diariodigitalmx.com\/index.php\/2019\/02\/26\/correran-10-mil-duendes-por-noble-causa\/","title":{"rendered":"Correr\u00e1n 10 mil duendes por noble causa"},"content":{"rendered":"\n<p><strong>C<\/strong><\/p>\n\n\n\n<ul><li><strong>Participar\u00e1n\ndentro de la 19\u00aa. Edici\u00f3n de la Carrera&nbsp;\nde&nbsp; 10 y 5k&nbsp; que se llevar\u00e1 a cabo el&nbsp; pr\u00f3ximo domingo 10 de marzo dentro de su\ntradicional circuito en el municipio de San Pedro Garza Garc\u00eda.<\/strong><\/li><\/ul>\n\n\n\n<p><strong>Por. Ra\u00fal E. Guevara Ortiz.- <\/strong><\/p>\n\n\n\n<p><\/p>\n\n\n\n<p>Enarbolando la causa de 8 de asociaciones de beneficencia y con disputa de la Segunda.&nbsp; Etapa del Gran&nbsp; Premio de Carreras de Ruta, m\u00e1s de 10 mil corredores se dar\u00e1n cita para participar en la 19\u00aa. &nbsp;Carrera de 10k\/ 5k&nbsp; Duendes&nbsp; que se llevar\u00e1 a cabo&nbsp; por las principales avenidas del municipio de San Pedro Garza Garc\u00eda este domingo 10 de marzo.<\/p>\n\n\n\n<p>As\u00ed lo informaron en\nconferencia de prensa los dirigentes del Club Duendes Del Valle quienes\nmanifestaron que la versi\u00f3n 2019&nbsp; de esta\ncarrera \u201ctendr\u00e1 como prioridad principal destinar parte de sus ingresos&nbsp; para apoyar las acciones de Casa Sim\u00f3n de\nBetania, Tedi, AMANEC, Autismo A.C., Villas A.C. , Casa Hogar Mam\u00e1 Paulita,\nEath y Padrinos J\u00f3venes que ser\u00e1 la causa que&nbsp;\nmover\u00e1 a los cerca de 10 mil corredores que participar\u00e1n&nbsp; en nuestro evento\u201d, se\u00f1al\u00f3 Iv\u00f3n L\u00f3pez\nintegrante del comit\u00e9&nbsp; organizador.<\/p>\n\n\n\n<p>La 19\u00aa. Carrera\nDuendes&nbsp; dar\u00e1 inicio&nbsp; en punto de las 7:00 horas para los\ncorredores de 10 kil\u00f3metros y a las 9:00 de la ma\u00f1ana para los del 5K&nbsp; sobre el circuito trazado por Trotime con\npunto de salida y meta a un costado del Auditorio San Pedro sobre la\navenida&nbsp; Humberto Lobo para proseguir por\nla Calzada Del Valle y Vasconcelos para retornar en L\u00e1zaro C\u00e1rdenas.<\/p>\n\n\n\n<p>\u201cDurante esta edici\u00f3n\nen la carrera de 10k se utilizar\u00e1 el sistema electr\u00f3nico de chips para el\ncronometraje de&nbsp; tiempos oficiales, netos\ny parciales, aclarando que en la distancia de 5k no se utilizar\u00e1 chips\u201d,\ninform\u00f3&nbsp; Emiliano Galv\u00e1n, Presidente del\nClub Duendes Del Valle.<\/p>\n\n\n\n<p>Por su parte Luciano Ram\u00edrez\nGallardo, presidente de la Asociaci\u00f3n de Atletismo de Nuevo Le\u00f3n manifest\u00f3 que\ngracias a su excelente organizaci\u00f3n dentro de esta carrera se llevar\u00e1 a cabo la\n2\u00aa. Etapa del Gran Premio Nuevo Le\u00f3n de Carreras de Ruta 2019 en la distancia\nde 10 kil\u00f3metros donde todos los corredores del estado que obtengan p\u00f3dium\nseguir\u00e1n sumando puntos.<\/p>\n\n\n\n<p>\u201cPara todos los\ninteresados en participar se les informa que el cierre de inscripciones ser\u00e1 el\nd\u00eda viernes 8 de marzo y podr\u00e1n realizarlo dentro del 10K de la rama femenil\nlas deportistas desde 15 a 65 a\u00f1os y mayores, y en la varonil&nbsp; a partir de la edad de 15 hasta 75 a\u00f1os y\nmayores , mientras que en la distancia de 5K para ambas ramas ser\u00e1 categor\u00eda\n\u00fanica y podr\u00e1 efectuar su registro en el portal: <a href=\"http:\/\/www.trotime.com\">www.trotime.com<\/a> y en las sucursales\nInnova Sport de todo el pa\u00eds\u201d, confirm\u00f3 Ignacio Hern\u00e1ndez.<\/p>\n","protected":false},"excerpt":{"rendered":"<p>C Participar\u00e1n dentro de la 19\u00aa. Edici\u00f3n de la Carrera&nbsp; de&nbsp; 10 y 5k&nbsp; que se llevar\u00e1 a cabo el&nbsp; pr\u00f3ximo domingo 10 de marzo dentro de su tradicional circuito en el municipio de San Pedro Garza Garc\u00eda. Por. Ra\u00fal E. Guevara Ortiz.- Enarbolando la causa de 8 de asociaciones de beneficencia y con disputa [&hellip;]<\/p>\n","protected":false},"author":1,"featured_media":574,"comment_status":"open","ping_status":"open","sticky":true,"template":"","format":"standard","meta":{"footnotes":""},"categories":[8],"tags":[],"_links":{"self":[{"href":"https:\/\/diariodigitalmx.com\/index.php\/wp-json\/wp\/v2\/posts\/573"}],"collection":[{"href":"https:\/\/diariodigitalmx.com\/index.php\/wp-json\/wp\/v2\/posts"}],"about":[{"href":"https:\/\/diariodigitalmx.com\/index.php\/wp-json\/wp\/v2\/types\/post"}],"author":[{"embeddable":true,"href":"https:\/\/diariodigitalmx.com\/index.php\/wp-json\/wp\/v2\/users\/1"}],"replies":[{"embeddable":true,"href":"https:\/\/diariodigitalmx.com\/index.php\/wp-json\/wp\/v2\/comments?post=573"}],"version-history":[{"count":2,"href":"https:\/\/diariodigitalmx.com\/index.php\/wp-json\/wp\/v2\/posts\/573\/revisions"}],"predecessor-version":[{"id":576,"href":"https:\/\/diariodigitalmx.com\/index.php\/wp-json\/wp\/v2\/posts\/573\/revisions\/576"}],"wp:featuredmedia":[{"embeddable":true,"href":"https:\/\/diariodigitalmx.com\/index.php\/wp-json\/wp\/v2\/media\/574"}],"wp:attachment":[{"href":"https:\/\/diariodigitalmx.com\/index.php\/wp-json\/wp\/v2\/media?parent=573"}],"wp:term":[{"taxonomy":"category","embeddable":true,"href":"https:\/\/diariodigitalmx.com\/index.php\/wp-json\/wp\/v2\/categories?post=573"},{"taxonomy":"post_tag","embeddable":true,"href":"https:\/\/diariodigitalmx.com\/index.php\/wp-json\/wp\/v2\/tags?post=573"}],"curies":[{"name":"wp","href":"https:\/\/api.w.org\/{rel}","templated":true}]}}