{"id":5732,"date":"2019-06-12T15:23:30","date_gmt":"2019-06-12T20:23:30","guid":{"rendered":"http:\/\/diariodigitalmx.com\/?p=5732"},"modified":"2019-10-18T17:03:43","modified_gmt":"2019-10-18T22:03:43","slug":"invertira-bbva-tres-mmdd-en-mexico","status":"publish","type":"post","link":"https:\/\/diariodigitalmx.com\/index.php\/2019\/06\/12\/invertira-bbva-tres-mmdd-en-mexico\/","title":{"rendered":"Invertir\u00e1 BBVA tres mmdd en M\u00e9xico"},"content":{"rendered":"\n<p>Gabriela Jim\u00e9nez | El Sol de M\u00e9xico<br><\/p>\n\n\n\n<p>El presidente Andr\u00e9s Manuel L\u00f3pez Obrador pact\u00f3 una inversi\u00f3n de 3 mil millones de d\u00f3lares con el presidente mundial del Grupo BBVA, Carlos Torres Vila, durante todo el sexenio.<br><\/p>\n\n\n\n<p>&#8220;Convers\u00e9 con Carlos Torres Vila, presidente mundial del Grupo BBVA. Me inform\u00f3 que invertir\u00e1n en M\u00e9xico 3 mil millones de d\u00f3lares durante el sexenio\u201d, public\u00f3 en su cuenta oficial de Twitter.<br><\/p>\n\n\n\n<p>&#8221; Hoy nos reunimos con empresarios de la regi\u00f3n de La Laguna de los estados de Durango y Coahuila. <br><\/p>\n\n\n\n<p>Tambi\u00e9n convers\u00e9 con Carlos Torres Vila, presidente mundial del Grupo BBVA. Me inform\u00f3 que invertir\u00e1n en M\u00e9xico 3 mil millones de d\u00f3lares durante el sexenio&#8221;.<br><\/p>\n\n\n\n<p>Un d\u00eda despu\u00e9s de que el jefe de Oficina de la Presidencia de la Rep\u00fablica, Alfonso Romo, reconociera que Petr\u00f3leos Mexicanos y en general, los proyectos de infraestructura, requieren de la participaci\u00f3n de la inversi\u00f3n privada para concretar los planes de la administraci\u00f3n lopezobradorista.<br><\/p>\n\n\n\n<p>\u201cPemex, en nuestra opini\u00f3n, es un debate al interior (del gabinete), no puede solo, tenemos un rezago de muchos a\u00f1os, por eso es que necesitamos de inversi\u00f3n privada\u201d, dijo Romo Garza frente a directivos de BBVA y los consejeros del grupo.<br><\/p>\n\n\n\n<p>En la reuni\u00f3n con el banco espa\u00f1ol, tambi\u00e9n estuvieron presentes el secretario de Hacienda y Cr\u00e9dito P\u00fablico, Carlos Manuel Urz\u00faa; el jefe de Oficina de la Presidencia de la Rep\u00fablica, Alfonso Romo; Jaime Serra Puche, presidente de BBVA en M\u00e9xico; y Eduardo Osuna Osuna, vicepresidente y director general de BBVA en M\u00e9xico.<br><\/p>\n\n\n\n<p>Previamente L\u00f3pez Obrador convers\u00f3 con los grupos empresariales de La Laguna, en los estados de Durango y Coahuila, para afinar los detalles de impulso en esta regi\u00f3n.<br><\/p>\n\n\n\n<p>\u201cHoy nos reunimos con empresarios de la regi\u00f3n de La Laguna de los estados de Durango y Coahuila\u201d, inform\u00f3.<br><\/p>\n\n\n\n<p>Esto, despu\u00e9s de dos d\u00edas del encuentro privado con Lakshmi Mittal, due\u00f1o de Mittal Steel Company, la acerera m\u00e1s grande del mundo, quien tambi\u00e9n se comprometi\u00f3 a invertir mil millones de d\u00f3lares en el conglomerado de Las Truchas, ubicado en Michoac\u00e1n.<\/p>\n\n\n\n<p><\/p>\n","protected":false},"excerpt":{"rendered":"<p>Gabriela Jim\u00e9nez | El Sol de M\u00e9xico El presidente Andr\u00e9s Manuel L\u00f3pez Obrador pact\u00f3 una inversi\u00f3n de 3 mil millones de d\u00f3lares con el presidente mundial del Grupo BBVA, Carlos Torres Vila, durante todo el sexenio. &#8220;Convers\u00e9 con Carlos Torres Vila, presidente mundial del Grupo BBVA. Me inform\u00f3 que invertir\u00e1n en M\u00e9xico 3 mil millones [&hellip;]<\/p>\n","protected":false},"author":1,"featured_media":5733,"comment_status":"open","ping_status":"open","sticky":false,"template":"","format":"standard","meta":{"footnotes":""},"categories":[10],"tags":[],"_links":{"self":[{"href":"https:\/\/diariodigitalmx.com\/index.php\/wp-json\/wp\/v2\/posts\/5732"}],"collection":[{"href":"https:\/\/diariodigitalmx.com\/index.php\/wp-json\/wp\/v2\/posts"}],"about":[{"href":"https:\/\/diariodigitalmx.com\/index.php\/wp-json\/wp\/v2\/types\/post"}],"author":[{"embeddable":true,"href":"https:\/\/diariodigitalmx.com\/index.php\/wp-json\/wp\/v2\/users\/1"}],"replies":[{"embeddable":true,"href":"https:\/\/diariodigitalmx.com\/index.php\/wp-json\/wp\/v2\/comments?post=5732"}],"version-history":[{"count":1,"href":"https:\/\/diariodigitalmx.com\/index.php\/wp-json\/wp\/v2\/posts\/5732\/revisions"}],"predecessor-version":[{"id":5734,"href":"https:\/\/diariodigitalmx.com\/index.php\/wp-json\/wp\/v2\/posts\/5732\/revisions\/5734"}],"wp:featuredmedia":[{"embeddable":true,"href":"https:\/\/diariodigitalmx.com\/index.php\/wp-json\/wp\/v2\/media\/5733"}],"wp:attachment":[{"href":"https:\/\/diariodigitalmx.com\/index.php\/wp-json\/wp\/v2\/media?parent=5732"}],"wp:term":[{"taxonomy":"category","embeddable":true,"href":"https:\/\/diariodigitalmx.com\/index.php\/wp-json\/wp\/v2\/categories?post=5732"},{"taxonomy":"post_tag","embeddable":true,"href":"https:\/\/diariodigitalmx.com\/index.php\/wp-json\/wp\/v2\/tags?post=5732"}],"curies":[{"name":"wp","href":"https:\/\/api.w.org\/{rel}","templated":true}]}}