{"id":5735,"date":"2019-06-12T16:36:11","date_gmt":"2019-06-12T21:36:11","guid":{"rendered":"http:\/\/diariodigitalmx.com\/?p=5735"},"modified":"2019-10-18T18:44:19","modified_gmt":"2019-10-18T23:44:19","slug":"logra-karina-barron-acuerdo-con-oxxo-gas-en-beneficio-de-mujeres-de-nl","status":"publish","type":"post","link":"https:\/\/diariodigitalmx.com\/index.php\/2019\/06\/12\/logra-karina-barron-acuerdo-con-oxxo-gas-en-beneficio-de-mujeres-de-nl\/","title":{"rendered":"Logra Karina Barr\u00f3n, acuerdo con OXXO Gas en beneficio de mujeres de NL"},"content":{"rendered":"\n<p>La diputada de Movimiento Ciudadano, Karina Barr\u00f3n Perales y la empresa OXXO Gas alcanzaron un acuerdo para ofrecer vacantes de empleo destinadas exclusivamente para Mujeres, a quienes adem\u00e1s del trabajo se les apoyar\u00e1 con prestaciones, tales como guarder\u00edas y becas para sus hijos en cualquier nivel de estudios.<\/p>\n\n\n\n<p>Para ello, este mi\u00e9rcoles en rueda de prensa, la diputada Karina Barr\u00f3n, acompa\u00f1ada del Senador, Samuel Garc\u00eda y el coordinador de la bancada de Movimiento Ciudadano en el Congreso Local, Luis Donaldo Colosio, as\u00ed como de directivos de la empresa OXXO Gas, anunciaron la realizaci\u00f3n de la primera \u201cFeria del Empleo para Mujeres\u201d.<\/p>\n\n\n\n<p>Ah\u00ed se ofrecer\u00e1n vacantes en los diferentes puestos de la empresa como despachadoras, personal del \u00e1rea operativa y hasta jefas de \u00e1rea. No existe un n\u00famero establecido de vacantes, pero la meta es que se cubra el 50% de la planta laboral de OXXO Gas.<\/p>\n\n\n\n<p>La diputada Karina Barr\u00f3n, destac\u00f3 que est\u00e1 Feria del Empleo se llevar\u00e1 a cabo el pr\u00f3ximo viernes 14 de junio, en la plaza frente al Palacio de Gobierno del Municipio de Monterrey, de 10:00 de la ma\u00f1ana a 16:00 horas.<\/p>\n\n\n\n<p>\u201cNuevo Le\u00f3n siempre ha sido punta de lanza en el tema de apoyar a las familias de las mujeres trabajadoras, y esto se vuelve a\u00fan m\u00e1s importante en estos momentos en lo que la entidad se encuentra en los primeros lugares de violencia familiar y Feminicidios\u201d.<\/p>\n\n\n\n<p>\u201cEsto es un esfuerzo sin precedentes, por lo que quiero agradecer a la empresa OXXO Gas y al IMSS, por apoyar este proyecto y  esperamos que m\u00e1s empresas se sumen a esta idea\u201d, explic\u00f3 Karina Barr\u00f3n.<\/p>\n\n\n\n<p>Cabe se\u00f1alar que se acord\u00f3 que las guarder\u00edas que formaban parte del programa de \u201cEstancias Infantiles\u201d del Gobierno Federal y que en esta administraci\u00f3n fueron \u201cabandonadas\u201d por la administraci\u00f3n del presidente, Andr\u00e9s Manuel L\u00f3pez Obrador, ser\u00e1n quienes presten el servicio de guarder\u00eda preferencial.<\/p>\n\n\n\n<p>En la rueda de prensa estuvieron presentes adem\u00e1s de la Diputada de Movimiento Ciudadano, Karina Barr\u00f3n Perales, el Senador Samuel Garc\u00eda y el coordinador del Grupo Legislativo de MC, Luis Donaldo Colosio, as\u00ed como la ciudadana Dulce Reyna Rodr\u00edguez, Coordinadora de Estancias Infantiles Particulares.<\/p>\n\n\n\n<p>Por parte de la empresa OXXO Gas acudieron; Renato Garc\u00eda Mosqueda, Jefe de Recursos Humanos, Monserrat Lira Covarrubias y Yomara de la Garza, Coordinadoras de Proyectos, as\u00ed como los funcionarios del IMSS; Jes\u00fas Cant\u00fa Valderrama, de la Jefatura de Salud en el Trabajo y Prestaciones Econ\u00f3micas y Sociales y Nelly Roc\u00edo Ben\u00edtez, Jefa del Departamento de Guarder\u00edas.<\/p>\n","protected":false},"excerpt":{"rendered":"<p>La diputada de Movimiento Ciudadano, Karina Barr\u00f3n Perales y la empresa OXXO Gas alcanzaron un acuerdo para ofrecer vacantes de empleo destinadas exclusivamente para Mujeres, a quienes adem\u00e1s del trabajo se les apoyar\u00e1 con prestaciones, tales como guarder\u00edas y becas para sus hijos en cualquier nivel de estudios. Para ello, este mi\u00e9rcoles en rueda de [&hellip;]<\/p>\n","protected":false},"author":1,"featured_media":5737,"comment_status":"open","ping_status":"open","sticky":false,"template":"","format":"standard","meta":{"footnotes":""},"categories":[6],"tags":[],"_links":{"self":[{"href":"https:\/\/diariodigitalmx.com\/index.php\/wp-json\/wp\/v2\/posts\/5735"}],"collection":[{"href":"https:\/\/diariodigitalmx.com\/index.php\/wp-json\/wp\/v2\/posts"}],"about":[{"href":"https:\/\/diariodigitalmx.com\/index.php\/wp-json\/wp\/v2\/types\/post"}],"author":[{"embeddable":true,"href":"https:\/\/diariodigitalmx.com\/index.php\/wp-json\/wp\/v2\/users\/1"}],"replies":[{"embeddable":true,"href":"https:\/\/diariodigitalmx.com\/index.php\/wp-json\/wp\/v2\/comments?post=5735"}],"version-history":[{"count":1,"href":"https:\/\/diariodigitalmx.com\/index.php\/wp-json\/wp\/v2\/posts\/5735\/revisions"}],"predecessor-version":[{"id":5736,"href":"https:\/\/diariodigitalmx.com\/index.php\/wp-json\/wp\/v2\/posts\/5735\/revisions\/5736"}],"wp:featuredmedia":[{"embeddable":true,"href":"https:\/\/diariodigitalmx.com\/index.php\/wp-json\/wp\/v2\/media\/5737"}],"wp:attachment":[{"href":"https:\/\/diariodigitalmx.com\/index.php\/wp-json\/wp\/v2\/media?parent=5735"}],"wp:term":[{"taxonomy":"category","embeddable":true,"href":"https:\/\/diariodigitalmx.com\/index.php\/wp-json\/wp\/v2\/categories?post=5735"},{"taxonomy":"post_tag","embeddable":true,"href":"https:\/\/diariodigitalmx.com\/index.php\/wp-json\/wp\/v2\/tags?post=5735"}],"curies":[{"name":"wp","href":"https:\/\/api.w.org\/{rel}","templated":true}]}}