{"id":5765,"date":"2019-06-13T08:27:56","date_gmt":"2019-06-13T13:27:56","guid":{"rendered":"http:\/\/diariodigitalmx.com\/?p=5765"},"modified":"2019-10-18T18:41:31","modified_gmt":"2019-10-18T23:41:31","slug":"con-un-padron-de-militantes-confiable-el-pri-busca-dar-certeza-y-seguridad-juridica-a-su-eleccion-interna","status":"publish","type":"post","link":"https:\/\/diariodigitalmx.com\/index.php\/2019\/06\/13\/con-un-padron-de-militantes-confiable-el-pri-busca-dar-certeza-y-seguridad-juridica-a-su-eleccion-interna\/","title":{"rendered":"Con un padr\u00f3n de militantes confiable, el PRI busca dar certeza y seguridad jur\u00eddica a su elecci\u00f3n interna"},"content":{"rendered":"\n<p>Con un padr\u00f3n de militantes transparente y confiable, el PRI da certeza y seguridad jur\u00eddica a los priistas y a los candidatos que participar\u00e1n en el proceso de elecci\u00f3n de la dirigencia nacional de este instituto pol\u00edtico para el periodo estatutario 2019-2023.<\/p>\n\n\n\n<p>A las 23:59 horas del d\u00eda de ayer, el tricolor cerr\u00f3 temporalmente su Sistema de Afiliaci\u00f3n y Registro Partidario (SARP), por lo que ya no se podr\u00e1n recibir ni capturar formatos f\u00edsicos o electr\u00f3nicos para incorporar al padr\u00f3n nuevos militantes o refrendarlos, sino hasta despu\u00e9s de la jornada electoral interna del 11 de agosto.<\/p>\n\n\n\n<p>El acto, que se realiz\u00f3 en el Centro de Captura del Comit\u00e9 Ejecutivo Nacional del PRI, fue encabezado por el Secretario de Organizaci\u00f3n, H\u00e9ctor Guti\u00e9rrez de la Garza; la Subsecretaria de Afiliaci\u00f3n y Registro Partidario, Ana Bertha Silva Sol\u00f3rzano; el Subsecretario Jur\u00eddico, Israel Chaparro Medina, y el Notario P\u00fablico 241 de la Ciudad de M\u00e9xico, Sergio Rea Field, quien dio fe del hecho.<\/p>\n\n\n\n<p>Como primer paso, el propio notario verific\u00f3 que el SARP estuviera abierto y recibiendo informaci\u00f3n de los estados de la Rep\u00fablica para posteriormente, procederse con su cierre, dejando inactivas temporalmente las claves de acceso. <\/p>\n\n\n\n<p>H\u00e9ctor Guti\u00e9rrez de la Garza asegur\u00f3 que el procedimiento fue efectuado conforme a los lineamientos del Instituto Nacional Electoral (INE), y subray\u00f3 que los \u00faltimos formatos f\u00edsicos que llegaron antes del cierre del sistema ser\u00e1n revisados. \u201cEs la primera vez que se lleva a cabo una acci\u00f3n de esta naturaleza\u201d en la historia del partido, remarc\u00f3.<\/p>\n\n\n\n<p>Por su parte, Ana Bertha Silva Sol\u00f3rzano reconoci\u00f3 el trabajo que realizan los t\u00e9cnicos y capturistas del SARP, \u201cquienes realizan su labor con gran honestidad y compromiso, como lo demanda el PRI\u201d. Destac\u00f3 que el Comit\u00e9 Ejecutivo Nacional da cumplimiento a la cl\u00e1usula XII de la convocatoria de la elecci\u00f3n interna que ya se public\u00f3, \u201cprivilegiando la transparencia, la certeza y la imparcialidad\u201d en el proceso.<\/p>\n\n\n\n<p>En la jornada electoral podr\u00e1n participar los militantes que presenten su credencial de elector vigente y cuyo nombre se encuentre en el padr\u00f3n.<\/p>\n\n\n\n<p>Cabe mencionar que el SARP se pondr\u00e1 en marcha nuevamente despu\u00e9s de la elecci\u00f3n, con la finalidad de cumplir con el mandato del INE de tener actualizados los padrones de militantes de los partidos pol\u00edticos en marzo de 2020.<\/p>\n\n\n\n<p>Entre el d\u00eda de hoy y el 25 de junio -fecha en que se entregar\u00e1 a los candidatos registrados una copia del padr\u00f3n de electores que se utilizar\u00e1 en los comicios -la informaci\u00f3n contenida en el mismo ser\u00e1 verificada y depurada conjuntamente con el INE.<\/p>\n\n\n\n<p><\/p>\n","protected":false},"excerpt":{"rendered":"<p>Con un padr\u00f3n de militantes transparente y confiable, el PRI da certeza y seguridad jur\u00eddica a los priistas y a los candidatos que participar\u00e1n en el proceso de elecci\u00f3n de la dirigencia nacional de este instituto pol\u00edtico para el periodo estatutario 2019-2023. A las 23:59 horas del d\u00eda de ayer, el tricolor cerr\u00f3 temporalmente su [&hellip;]<\/p>\n","protected":false},"author":1,"featured_media":5768,"comment_status":"open","ping_status":"open","sticky":false,"template":"","format":"standard","meta":{"footnotes":""},"categories":[2],"tags":[],"_links":{"self":[{"href":"https:\/\/diariodigitalmx.com\/index.php\/wp-json\/wp\/v2\/posts\/5765"}],"collection":[{"href":"https:\/\/diariodigitalmx.com\/index.php\/wp-json\/wp\/v2\/posts"}],"about":[{"href":"https:\/\/diariodigitalmx.com\/index.php\/wp-json\/wp\/v2\/types\/post"}],"author":[{"embeddable":true,"href":"https:\/\/diariodigitalmx.com\/index.php\/wp-json\/wp\/v2\/users\/1"}],"replies":[{"embeddable":true,"href":"https:\/\/diariodigitalmx.com\/index.php\/wp-json\/wp\/v2\/comments?post=5765"}],"version-history":[{"count":2,"href":"https:\/\/diariodigitalmx.com\/index.php\/wp-json\/wp\/v2\/posts\/5765\/revisions"}],"predecessor-version":[{"id":5767,"href":"https:\/\/diariodigitalmx.com\/index.php\/wp-json\/wp\/v2\/posts\/5765\/revisions\/5767"}],"wp:featuredmedia":[{"embeddable":true,"href":"https:\/\/diariodigitalmx.com\/index.php\/wp-json\/wp\/v2\/media\/5768"}],"wp:attachment":[{"href":"https:\/\/diariodigitalmx.com\/index.php\/wp-json\/wp\/v2\/media?parent=5765"}],"wp:term":[{"taxonomy":"category","embeddable":true,"href":"https:\/\/diariodigitalmx.com\/index.php\/wp-json\/wp\/v2\/categories?post=5765"},{"taxonomy":"post_tag","embeddable":true,"href":"https:\/\/diariodigitalmx.com\/index.php\/wp-json\/wp\/v2\/tags?post=5765"}],"curies":[{"name":"wp","href":"https:\/\/api.w.org\/{rel}","templated":true}]}}