{"id":578,"date":"2019-02-26T16:24:16","date_gmt":"2019-02-26T22:24:16","guid":{"rendered":"http:\/\/diariodigitalmx.com\/?p=578"},"modified":"2019-02-26T16:24:17","modified_gmt":"2019-02-26T22:24:17","slug":"fotos-ineditas-del-avion-en-el-que-viajaba-emiliano-sala","status":"publish","type":"post","link":"https:\/\/diariodigitalmx.com\/index.php\/2019\/02\/26\/fotos-ineditas-del-avion-en-el-que-viajaba-emiliano-sala\/","title":{"rendered":"Fotos in\u00e9ditas del avi\u00f3n en el que viajaba Emiliano Sala"},"content":{"rendered":"\n<p>Confirman que&nbsp;el avi\u00f3n Piper PA-46-310P Malibu fue hallado en tres partes en el fondo del mar<\/p>\n\n\n\n<figure class=\"wp-block-image\"><img loading=\"lazy\" decoding=\"async\" width=\"720\" height=\"339\" src=\"http:\/\/diariodigitalmx.com\/wp-content\/uploads\/2019\/02\/thumbnail-3-7.jpg\" alt=\"\" class=\"wp-image-580\" srcset=\"https:\/\/diariodigitalmx.com\/wp-content\/uploads\/2019\/02\/thumbnail-3-7.jpg 720w, https:\/\/diariodigitalmx.com\/wp-content\/uploads\/2019\/02\/thumbnail-3-7-300x141.jpg 300w\" sizes=\"(max-width: 720px) 100vw, 720px\" \/><\/figure>\n\n\n\n<p>Luego de publicar su primer informe oficial sobre el accidente a\u00e9reo en el que perdi\u00f3 la vida el futbolista Emiliano Sala, La Agencia de Investigaciones de Accidentes A\u00e9reos Brit\u00e1nica (AAIB), revel\u00f3 las primeras im\u00e1genes del estado en el que fue encontrada la aeronave.<\/p>\n\n\n\n<p>Las fotograf\u00edas confirman que el avi\u00f3n Piper PA-46-310P Malibu con registro N264DB que trasladaba al delantero fue hallado en tres partes en el fondo del mar.<\/p>\n\n\n\n<p><strong>\u201cLas partes rotas del Piper Malibu no se separaron debajo del mar porque se mantuvieron unidas por cables el\u00e9ctricos y del control de mando de la nave, que fue hallada severamente da\u00f1ada\u201d.&nbsp;<\/strong><\/p>\n\n\n\n<p>Asimismo, se revel\u00f3 que el motor de la aeronave estaba desconectado de la cabina de pilotaje y que la secci\u00f3n trasera del fuselaje se hab\u00eda separado de la secci\u00f3n delantera.<\/p>\n\n\n\n<p><strong>\u201c<\/strong><strong>Faltaba la secci\u00f3n externa de ambas alas, el plano de la cola y la aleta\u201d<\/strong><strong>.&nbsp;<\/strong><\/p>\n\n\n\n<p>Cabe recordar, que fue el 21 de enero de este a\u00f1o cuando el avi\u00f3n en el que viajaban Emiliano Sala y el piloto David Ibbotson desapareciera durante su trayecto entre la ciudad francesa de Nantes y Cardiff (Reino Unido), debido a que Sala iba a incorporarse a su nuevo club, despu\u00e9s de que \u00e9ste hiciera el mayor desembolso de su historia al pagar 17 mdd por su traspaso.<\/p>\n\n\n\n<p>Tras una extensa b\u00fasqueda, tanto la aeronave como el cuerpo del futbolista fueron encontrados en el fondo del Canal de La Mancha.<\/p>\n","protected":false},"excerpt":{"rendered":"<p>Confirman que&nbsp;el avi\u00f3n Piper PA-46-310P Malibu fue hallado en tres partes en el fondo del mar Luego de publicar su primer informe oficial sobre el accidente a\u00e9reo en el que perdi\u00f3 la vida el futbolista Emiliano Sala, La Agencia de Investigaciones de Accidentes A\u00e9reos Brit\u00e1nica (AAIB), revel\u00f3 las primeras im\u00e1genes del estado en el que [&hellip;]<\/p>\n","protected":false},"author":1,"featured_media":579,"comment_status":"open","ping_status":"open","sticky":true,"template":"","format":"standard","meta":{"footnotes":""},"categories":[8,3],"tags":[],"_links":{"self":[{"href":"https:\/\/diariodigitalmx.com\/index.php\/wp-json\/wp\/v2\/posts\/578"}],"collection":[{"href":"https:\/\/diariodigitalmx.com\/index.php\/wp-json\/wp\/v2\/posts"}],"about":[{"href":"https:\/\/diariodigitalmx.com\/index.php\/wp-json\/wp\/v2\/types\/post"}],"author":[{"embeddable":true,"href":"https:\/\/diariodigitalmx.com\/index.php\/wp-json\/wp\/v2\/users\/1"}],"replies":[{"embeddable":true,"href":"https:\/\/diariodigitalmx.com\/index.php\/wp-json\/wp\/v2\/comments?post=578"}],"version-history":[{"count":1,"href":"https:\/\/diariodigitalmx.com\/index.php\/wp-json\/wp\/v2\/posts\/578\/revisions"}],"predecessor-version":[{"id":581,"href":"https:\/\/diariodigitalmx.com\/index.php\/wp-json\/wp\/v2\/posts\/578\/revisions\/581"}],"wp:featuredmedia":[{"embeddable":true,"href":"https:\/\/diariodigitalmx.com\/index.php\/wp-json\/wp\/v2\/media\/579"}],"wp:attachment":[{"href":"https:\/\/diariodigitalmx.com\/index.php\/wp-json\/wp\/v2\/media?parent=578"}],"wp:term":[{"taxonomy":"category","embeddable":true,"href":"https:\/\/diariodigitalmx.com\/index.php\/wp-json\/wp\/v2\/categories?post=578"},{"taxonomy":"post_tag","embeddable":true,"href":"https:\/\/diariodigitalmx.com\/index.php\/wp-json\/wp\/v2\/tags?post=578"}],"curies":[{"name":"wp","href":"https:\/\/api.w.org\/{rel}","templated":true}]}}