{"id":5781,"date":"2019-06-13T12:53:06","date_gmt":"2019-06-13T17:53:06","guid":{"rendered":"http:\/\/diariodigitalmx.com\/?p=5781"},"modified":"2019-10-18T17:02:18","modified_gmt":"2019-10-18T22:02:18","slug":"repudian-a-adrian-garza-primero-les-pide-el-voto-luego-los-corre","status":"publish","type":"post","link":"https:\/\/diariodigitalmx.com\/index.php\/2019\/06\/13\/repudian-a-adrian-garza-primero-les-pide-el-voto-luego-los-corre\/","title":{"rendered":"Repudian a Adri\u00e1n de la Garza; primero les pide el voto, luego los corre"},"content":{"rendered":"\n<p>Pedro Garc\u00eda Trevi\u00f1o<\/p>\n\n\n\n<p>Vendedores informales desalojados de la v\u00eda p\u00fablica reprochan esa acci\u00f3n al alcalde de Monterrey Adri\u00e1n de la Garza Santos (PRI) y le demandan reciprocidad al voto que, esos comerciantes, le otorgaron en las pasadas elecciones: cuando logr\u00f3 la Presidencia Municipal y en su relecci\u00f3n, el a\u00f1o pasado.<\/p>\n\n\n\n<p>As\u00ed como el alcalde pas\u00f3 a pedirnos el voto, queremos que sea sensible con nosotros, modestos vendedores entre los que hay madres trabajadoras, adultos mayores que sostienen a parientes enfermos y gente que labora honestamente, se\u00f1alaron en protesta en la parte baja del palacio municipal.<\/p>\n\n\n\n<p>Los vendedores llenaron la planta baja del palacio regiomontano con pancartas donde le recuerdan al alcalde Adri\u00e1n de la Garza que \u00e9l les pidi\u00f3 que votar\u00e1n por \u00e9l en sus aspiraciones a la alcald\u00eda, lo cual recibi\u00f3 y ahora paga con el desalojo y el decomiso de mercanc\u00edas, capital de trabajo indispensable para la sobrevivencia de cientos de personas de ingresos modestos.<\/p>\n\n\n\n<p>En d\u00edas pasados, el ayuntamiento regiomontano limpi\u00f3 de vendedores las banquetas de avenidas y calles, as\u00ed como en las afueras de las estaciones del Metro. No obstante, algunos de esos comerciantes ya volvieron a instalarse, lo cual es visible en la estaci\u00f3n del Metro en avenida Col\u00f3n y F\u00e9lix U. G\u00f3mez.<\/p>\n\n\n\n<p>Los protestantes demandaron al alcalde la expedici\u00f3n de permisos nuevos para que pueda continuar con su actividad de abasto popular consistente en frituras, dulces, lonches y tacos.<br><\/p>\n\n\n\n<figure class=\"wp-block-image\"><img loading=\"lazy\" decoding=\"async\" width=\"1024\" height=\"576\" src=\"http:\/\/diariodigitalmx.com\/wp-content\/uploads\/2019\/06\/IMG-20190613-WA0003-1024x576.jpg\" alt=\"\" class=\"wp-image-5784\" srcset=\"https:\/\/diariodigitalmx.com\/wp-content\/uploads\/2019\/06\/IMG-20190613-WA0003-1024x576.jpg 1024w, https:\/\/diariodigitalmx.com\/wp-content\/uploads\/2019\/06\/IMG-20190613-WA0003-300x169.jpg 300w, https:\/\/diariodigitalmx.com\/wp-content\/uploads\/2019\/06\/IMG-20190613-WA0003-768x432.jpg 768w, https:\/\/diariodigitalmx.com\/wp-content\/uploads\/2019\/06\/IMG-20190613-WA0003.jpg 1032w\" sizes=\"(max-width: 1024px) 100vw, 1024px\" \/><\/figure>\n","protected":false},"excerpt":{"rendered":"<p>Pedro Garc\u00eda Trevi\u00f1o Vendedores informales desalojados de la v\u00eda p\u00fablica reprochan esa acci\u00f3n al alcalde de Monterrey Adri\u00e1n de la Garza Santos (PRI) y le demandan reciprocidad al voto que, esos comerciantes, le otorgaron en las pasadas elecciones: cuando logr\u00f3 la Presidencia Municipal y en su relecci\u00f3n, el a\u00f1o pasado. As\u00ed como el alcalde pas\u00f3 [&hellip;]<\/p>\n","protected":false},"author":1,"featured_media":5783,"comment_status":"open","ping_status":"open","sticky":false,"template":"","format":"standard","meta":{"footnotes":""},"categories":[6],"tags":[],"_links":{"self":[{"href":"https:\/\/diariodigitalmx.com\/index.php\/wp-json\/wp\/v2\/posts\/5781"}],"collection":[{"href":"https:\/\/diariodigitalmx.com\/index.php\/wp-json\/wp\/v2\/posts"}],"about":[{"href":"https:\/\/diariodigitalmx.com\/index.php\/wp-json\/wp\/v2\/types\/post"}],"author":[{"embeddable":true,"href":"https:\/\/diariodigitalmx.com\/index.php\/wp-json\/wp\/v2\/users\/1"}],"replies":[{"embeddable":true,"href":"https:\/\/diariodigitalmx.com\/index.php\/wp-json\/wp\/v2\/comments?post=5781"}],"version-history":[{"count":3,"href":"https:\/\/diariodigitalmx.com\/index.php\/wp-json\/wp\/v2\/posts\/5781\/revisions"}],"predecessor-version":[{"id":5796,"href":"https:\/\/diariodigitalmx.com\/index.php\/wp-json\/wp\/v2\/posts\/5781\/revisions\/5796"}],"wp:featuredmedia":[{"embeddable":true,"href":"https:\/\/diariodigitalmx.com\/index.php\/wp-json\/wp\/v2\/media\/5783"}],"wp:attachment":[{"href":"https:\/\/diariodigitalmx.com\/index.php\/wp-json\/wp\/v2\/media?parent=5781"}],"wp:term":[{"taxonomy":"category","embeddable":true,"href":"https:\/\/diariodigitalmx.com\/index.php\/wp-json\/wp\/v2\/categories?post=5781"},{"taxonomy":"post_tag","embeddable":true,"href":"https:\/\/diariodigitalmx.com\/index.php\/wp-json\/wp\/v2\/tags?post=5781"}],"curies":[{"name":"wp","href":"https:\/\/api.w.org\/{rel}","templated":true}]}}