{"id":5786,"date":"2019-06-13T14:39:50","date_gmt":"2019-06-13T19:39:50","guid":{"rendered":"http:\/\/diariodigitalmx.com\/?p=5786"},"modified":"2019-06-13T14:39:51","modified_gmt":"2019-06-13T19:39:51","slug":"politica-y-gente-18","status":"publish","type":"post","link":"https:\/\/diariodigitalmx.com\/index.php\/2019\/06\/13\/politica-y-gente-18\/","title":{"rendered":"Pol\u00edtica y Gente"},"content":{"rendered":"\n<p>Por Pedro Garc\u00eda<\/p>\n\n\n\n<p>Le sigue lloviendo al presidente Andr\u00e9s Manuel L\u00f3pez Obrador, y la oposici\u00f3n se sigue perdiendo la oportunidad de librarse de \u00e9l -lo cual acaricia-, al no legislar la Revocaci\u00f3n de Mandato para el 2021&#8230;-<\/p>\n\n\n\n<p>AMLO va a llegar desgastado al 2021 y qui\u00e9n sabe c\u00f3mo le vaya en la consulta para que siga o abandone Palacio Nacional.<\/p>\n\n\n\n<p>Hasta el desplante de Donald Trump, el presidente mexicano iba tramitando los problemas reales y los de imagen y aceptaci\u00f3n, tambi\u00e9n las evaluaciones adversas de las calificadoras sobre el r\u00e9gimen obradorista: petr\u00f3leo y deuda soberana, as\u00ed como el nivel del crecimiento econ\u00f3mico.<\/p>\n\n\n\n<p>El Acuerdo migratorio de M\u00e9xico con el gobierno de Trump ha sido criticado por la oposici\u00f3n y por morenistas, nada m\u00e1s y nada menos, por Porfirio Mu\u00f1oz Ledo, quien desde la C\u00e1mara de Diputados le ha puesto el cascabel al gato al advertir que la intervenci\u00f3n del canciller en la soluci\u00f3n al problema de los migrantes es una invasi\u00f3n de competencias porque ese es un asunto que corresponde a la Secretar\u00eda de Gobernaci\u00f3n.<\/p>\n\n\n\n<p>Mu\u00f1oz Ledo tambi\u00e9n cuestion\u00f3 que se utilice a la recientemente creada Guardia Nacional para contener a migrantes, funci\u00f3n indebida, se\u00f1ala, porque ese cuerpo se form\u00f3 para contrarrestar a la delincuencia. M\u00e1s claro ni el agua.<\/p>\n\n\n\n<p>Los se\u00f1alamientos de Mu\u00f1oz Ledo tienen una dimensi\u00f3n de autocr\u00edtica formidable por tratarse de un correligionario, de un diputado \u2013como suele decirse- prominente de Morena. Sus cr\u00edticas son superlativas, en comparaci\u00f3n con las vertidas por cualquier otro diputado, senador o dirigente partidista de oposici\u00f3n.<\/p>\n\n\n\n<p>Son cr\u00edticas directas al coraz\u00f3n del r\u00e9gimen de L\u00f3pez Obrador y, desde ya, quedan para la historia pol\u00edtica de M\u00e9xico donde rara vez (rara avis) un parlamentario osa elevar duras cr\u00edticas contra \u201csu jefe pol\u00edtico\u201d, como lo ha hecho el veterano pol\u00edtico que, en su carrera, ha probado casi todas las mieles y hieles de su actividad p\u00fablica.<\/p>\n\n\n\n<p><\/p>\n","protected":false},"excerpt":{"rendered":"<p>Por Pedro Garc\u00eda Le sigue lloviendo al presidente Andr\u00e9s Manuel L\u00f3pez Obrador, y la oposici\u00f3n se sigue perdiendo la oportunidad de librarse de \u00e9l -lo cual acaricia-, al no legislar la Revocaci\u00f3n de Mandato para el 2021&#8230;- AMLO va a llegar desgastado al 2021 y qui\u00e9n sabe c\u00f3mo le vaya en la consulta para que [&hellip;]<\/p>\n","protected":false},"author":1,"featured_media":4748,"comment_status":"open","ping_status":"open","sticky":false,"template":"","format":"standard","meta":{"footnotes":""},"categories":[14,12],"tags":[],"_links":{"self":[{"href":"https:\/\/diariodigitalmx.com\/index.php\/wp-json\/wp\/v2\/posts\/5786"}],"collection":[{"href":"https:\/\/diariodigitalmx.com\/index.php\/wp-json\/wp\/v2\/posts"}],"about":[{"href":"https:\/\/diariodigitalmx.com\/index.php\/wp-json\/wp\/v2\/types\/post"}],"author":[{"embeddable":true,"href":"https:\/\/diariodigitalmx.com\/index.php\/wp-json\/wp\/v2\/users\/1"}],"replies":[{"embeddable":true,"href":"https:\/\/diariodigitalmx.com\/index.php\/wp-json\/wp\/v2\/comments?post=5786"}],"version-history":[{"count":1,"href":"https:\/\/diariodigitalmx.com\/index.php\/wp-json\/wp\/v2\/posts\/5786\/revisions"}],"predecessor-version":[{"id":5787,"href":"https:\/\/diariodigitalmx.com\/index.php\/wp-json\/wp\/v2\/posts\/5786\/revisions\/5787"}],"wp:featuredmedia":[{"embeddable":true,"href":"https:\/\/diariodigitalmx.com\/index.php\/wp-json\/wp\/v2\/media\/4748"}],"wp:attachment":[{"href":"https:\/\/diariodigitalmx.com\/index.php\/wp-json\/wp\/v2\/media?parent=5786"}],"wp:term":[{"taxonomy":"category","embeddable":true,"href":"https:\/\/diariodigitalmx.com\/index.php\/wp-json\/wp\/v2\/categories?post=5786"},{"taxonomy":"post_tag","embeddable":true,"href":"https:\/\/diariodigitalmx.com\/index.php\/wp-json\/wp\/v2\/tags?post=5786"}],"curies":[{"name":"wp","href":"https:\/\/api.w.org\/{rel}","templated":true}]}}