{"id":5840,"date":"2019-06-14T21:41:58","date_gmt":"2019-06-15T02:41:58","guid":{"rendered":"http:\/\/diariodigitalmx.com\/?p=5840"},"modified":"2019-10-18T18:31:00","modified_gmt":"2019-10-18T23:31:00","slug":"realizan-con-exito-primera-feria-del-empleo-para-mujeres","status":"publish","type":"post","link":"https:\/\/diariodigitalmx.com\/index.php\/2019\/06\/14\/realizan-con-exito-primera-feria-del-empleo-para-mujeres\/","title":{"rendered":"Realizan con \u00e9xito primera \u201cFeria del Empleo para Mujeres\u201d"},"content":{"rendered":"\n<p><\/p>\n\n\n\n<p>Con la intenci\u00f3n de apoyar a mujeres jefas de familia o en situaci\u00f3n de vulnerabilidad, se llev\u00f3 a cabo  la primer \u201cFeria del Empleo exclusiva para Mujeres\u201d, organizada por la diputada de Movimiento Ciudadano, Karina Barr\u00f3n, la empresa OXXO Gas y la delegaci\u00f3n del IMSS en Nuevo Le\u00f3n.<\/p>\n\n\n\n<p>Decenas de mujeres y hombres acudieron al evento realizado este viernes en la plaza p\u00fablica ubicada frente al palacio municipal de Monterrey. Ah\u00ed los asistentes pudieron llenar su solicitud de empleo para ocupar algunos de los puestos vacantes que van desde; despachadoras, jefas de \u00e1rea y hasta personal del \u00e1rea administrativa de la empresa OXXO Gas.<\/p>\n\n\n\n<p>A fin de incentivar a las mujeres para que acepten \u00e9sta oportunidad de empleo, se les otorgan facilidades como; guarder\u00eda preferencial para sus hijos, becas de estudios para ellas y sus hijos, horarios fijos y prestaciones de ley.<\/p>\n\n\n\n<p>Karina Barr\u00f3n, diputada local y presidenta de la Comisi\u00f3n para la Igualdad de G\u00e9nero, atestigu\u00f3 el inicio de este importante proyecto, acompa\u00f1ada del delegado del IMSS en Nuevo Le\u00f3n, Ricardo Canavati Hadj\u00f3pulos, y directivos de la empresa OXXO Gas.<\/p>\n\n\n\n<p>Al respecto la diputada dijo que este tipo de programas buscan precisamente brindar oportunidades de superaci\u00f3n a las mujeres y sus familias, as\u00ed como opciones para salir adelante para aquellas que se encuentren en un entorno de peligro de violencia.<\/p>\n\n\n\n<p>\u201cEstamos haciendo un esfuerzo por las mujeres de Nuevo Le\u00f3n, de la mano de la empresa OXXO Gas y de la delegaci\u00f3n del IMSS, sabemos que la violencia familiar va a la alza, somos el segundo lugar a nivel nacional, el tercero en Feminicidios, y \u00e9sta es una forma de apoyar a las mujeres, de apoyar a las familias, empoderar a las mujeres capacit\u00e1ndolas, pero tambi\u00e9n brindando la oportunidad de que perciban un sueldo\u201d, explic\u00f3 Karina Barr\u00f3n.<\/p>\n\n\n\n<p>La legisladora local de Movimiento Ciudadano se\u00f1al\u00f3 que espera que m\u00e1s empresas se sumen a esta iniciativa de brindar al menos el 50% de la planta laboral a mujeres.<\/p>\n\n\n\n<ul class=\"wp-block-gallery columns-1 is-cropped wp-block-gallery-1 is-layout-flex wp-block-gallery-is-layout-flex\"><li class=\"blocks-gallery-item\"><figure><img loading=\"lazy\" decoding=\"async\" width=\"1024\" height=\"682\" src=\"http:\/\/diariodigitalmx.com\/wp-content\/uploads\/2019\/06\/IMG-20190614-WA0027-1024x682.jpg\" alt=\"\" data-id=\"5843\" data-link=\"http:\/\/diariodigitalmx.com\/?attachment_id=5843\" class=\"wp-image-5843\" srcset=\"https:\/\/diariodigitalmx.com\/wp-content\/uploads\/2019\/06\/IMG-20190614-WA0027-1024x682.jpg 1024w, https:\/\/diariodigitalmx.com\/wp-content\/uploads\/2019\/06\/IMG-20190614-WA0027-300x200.jpg 300w, https:\/\/diariodigitalmx.com\/wp-content\/uploads\/2019\/06\/IMG-20190614-WA0027-768x512.jpg 768w, https:\/\/diariodigitalmx.com\/wp-content\/uploads\/2019\/06\/IMG-20190614-WA0027.jpg 1280w\" sizes=\"(max-width: 1024px) 100vw, 1024px\" \/><\/figure><\/li><\/ul>\n\n\n\n<figure class=\"wp-block-image\"><img loading=\"lazy\" decoding=\"async\" width=\"1024\" height=\"682\" src=\"http:\/\/diariodigitalmx.com\/wp-content\/uploads\/2019\/06\/IMG-20190614-WA0008-1024x682.jpg\" alt=\"\" class=\"wp-image-5845\" srcset=\"https:\/\/diariodigitalmx.com\/wp-content\/uploads\/2019\/06\/IMG-20190614-WA0008-1024x682.jpg 1024w, https:\/\/diariodigitalmx.com\/wp-content\/uploads\/2019\/06\/IMG-20190614-WA0008-300x200.jpg 300w, https:\/\/diariodigitalmx.com\/wp-content\/uploads\/2019\/06\/IMG-20190614-WA0008-768x512.jpg 768w, https:\/\/diariodigitalmx.com\/wp-content\/uploads\/2019\/06\/IMG-20190614-WA0008.jpg 1280w\" sizes=\"(max-width: 1024px) 100vw, 1024px\" \/><\/figure>\n","protected":false},"excerpt":{"rendered":"<p>Con la intenci\u00f3n de apoyar a mujeres jefas de familia o en situaci\u00f3n de vulnerabilidad, se llev\u00f3 a cabo la primer \u201cFeria del Empleo exclusiva para Mujeres\u201d, organizada por la diputada de Movimiento Ciudadano, Karina Barr\u00f3n, la empresa OXXO Gas y la delegaci\u00f3n del IMSS en Nuevo Le\u00f3n. Decenas de mujeres y hombres acudieron al [&hellip;]<\/p>\n","protected":false},"author":1,"featured_media":5842,"comment_status":"open","ping_status":"open","sticky":false,"template":"","format":"standard","meta":{"footnotes":""},"categories":[6],"tags":[],"_links":{"self":[{"href":"https:\/\/diariodigitalmx.com\/index.php\/wp-json\/wp\/v2\/posts\/5840"}],"collection":[{"href":"https:\/\/diariodigitalmx.com\/index.php\/wp-json\/wp\/v2\/posts"}],"about":[{"href":"https:\/\/diariodigitalmx.com\/index.php\/wp-json\/wp\/v2\/types\/post"}],"author":[{"embeddable":true,"href":"https:\/\/diariodigitalmx.com\/index.php\/wp-json\/wp\/v2\/users\/1"}],"replies":[{"embeddable":true,"href":"https:\/\/diariodigitalmx.com\/index.php\/wp-json\/wp\/v2\/comments?post=5840"}],"version-history":[{"count":4,"href":"https:\/\/diariodigitalmx.com\/index.php\/wp-json\/wp\/v2\/posts\/5840\/revisions"}],"predecessor-version":[{"id":5847,"href":"https:\/\/diariodigitalmx.com\/index.php\/wp-json\/wp\/v2\/posts\/5840\/revisions\/5847"}],"wp:featuredmedia":[{"embeddable":true,"href":"https:\/\/diariodigitalmx.com\/index.php\/wp-json\/wp\/v2\/media\/5842"}],"wp:attachment":[{"href":"https:\/\/diariodigitalmx.com\/index.php\/wp-json\/wp\/v2\/media?parent=5840"}],"wp:term":[{"taxonomy":"category","embeddable":true,"href":"https:\/\/diariodigitalmx.com\/index.php\/wp-json\/wp\/v2\/categories?post=5840"},{"taxonomy":"post_tag","embeddable":true,"href":"https:\/\/diariodigitalmx.com\/index.php\/wp-json\/wp\/v2\/tags?post=5840"}],"curies":[{"name":"wp","href":"https:\/\/api.w.org\/{rel}","templated":true}]}}