{"id":585,"date":"2019-02-27T09:35:09","date_gmt":"2019-02-27T15:35:09","guid":{"rendered":"http:\/\/diariodigitalmx.com\/?p=585"},"modified":"2019-02-27T10:10:00","modified_gmt":"2019-02-27T16:10:00","slug":"el-sur-del-pais-sufre-de-desgracia-y-flojera-gobernador","status":"publish","type":"post","link":"https:\/\/diariodigitalmx.com\/index.php\/2019\/02\/27\/el-sur-del-pais-sufre-de-desgracia-y-flojera-gobernador\/","title":{"rendered":"Sur y sureste del Pa\u00eds, son flojos, acusa El Bronco"},"content":{"rendered":"\n<p><strong>David Casas<\/strong><\/p>\n\n\n\n<p>Para El Bronco, la regi\u00f3n sur y sureste del Pa\u00eds sufre de la desgracia de la flojera.<br><\/p>\n\n\n\n<p>Mientras tanto, el norte del Pa\u00eds vence la adversidad, por lo que el Gobierno Federal &nbsp;debe reconsiderar sus pol\u00edticas de  apoyo, dijo el Gobernador  de Nuevo Le\u00f3n, Jaime Rodr\u00edguez durante la &nbsp;inauguraci\u00f3n de la Expo Internacional C\u00e1rnica y L\u00e1ctea.<br><\/p>\n\n\n\n<p>Ante V\u00edctor Villalobos, Secretario de Agricultura y Desarrollo Rural, solicito que la pol\u00edtica gubernamental sea la de potenciar a quien quiere trabajar y se esfuerza.<br><\/p>\n\n\n\n<p>&#8220;El norte vence la adversidad, mientras el sur-sureste tiene la bendici\u00f3n de la naturaleza, pero la desgracia de la flojera. No me arrepiento de decirlo de esa manera, tengo que decirlo porque la pol\u00edtica del Gobierno tiene que ser potenciar a aquel que quiere trabajar, que se tiene que esforzar y que est\u00e1 en el sol&#8221;, reiter\u00f3.<br><br>Luego &nbsp;destac\u00f3 la producci\u00f3n de carne en Nuevo Le\u00f3n, la &nbsp;que es superavitaria con relaci\u00f3n a Estados Unidos.<br><\/p>\n\n\n\n<p>\u201cYa le competimos a Estados Unidos en t\u00e9rminos de carne, esa es evidentemente la balanza comercial que hoy tiene Nuevo Le\u00f3n con Estados Unidos, estamos superavitarios, mandamos ya m\u00e1s que lo que traemos\u201d.<br>\u201cEn el pasado tra\u00edamos m\u00e1s porque la verdad que en Nuevo Le\u00f3n el consumo es un consumo exigente\u201d.<br>&#8220;Les cobramos un impuestito y el salario del Gobernador est\u00e1 seguro&#8221;, se\u00f1al\u00f3 al agradecer en su mensaje que la Expo organizada por el Consejo Mexicano de la Carne (Comecarne) se realice en Nuevo Le\u00f3n.<br><\/p>\n\n\n\n<p>V\u00edctor Manuel Villalobos, titular de la SADER manifest\u00f3 por su parte que los productos alimenticos mexicanos de origen animal han logrado reconocimiento internacional por su calidad, sanidad e inocuidad, que abren posibilidades de exportaci\u00f3n a diversos pa\u00edses.<\/p>\n\n\n\n<p><br>\u201cDesde la Secretar\u00eda de Agricultura y Desarrollo Rural conjuntamente con los productores rurales y los agroindustriales, contribuimos a la construcci\u00f3n de un M\u00e9xico que se garantice en \u00e9l la seguridad alimentaria de todos y de todas nuestras personas\u201d, indic\u00f3 el funcionario federal.<\/p>\n\n\n\n<p><br>Expo Carnes y L\u00e1cteos re\u00fane a representantes de todos los segmentos de la industria c\u00e1rnica nacional, as\u00ed como proveedores de insumos, maquinaria y servicios para esta rama a nivel mundial.<\/p>\n","protected":false},"excerpt":{"rendered":"<p>David Casas Para El Bronco, la regi\u00f3n sur y sureste del Pa\u00eds sufre de la desgracia de la flojera. Mientras tanto, el norte del Pa\u00eds vence la adversidad, por lo que el Gobierno Federal &nbsp;debe reconsiderar sus pol\u00edticas de apoyo, dijo el Gobernador de Nuevo Le\u00f3n, Jaime Rodr\u00edguez durante la &nbsp;inauguraci\u00f3n de la Expo Internacional [&hellip;]<\/p>\n","protected":false},"author":1,"featured_media":595,"comment_status":"open","ping_status":"open","sticky":true,"template":"","format":"standard","meta":{"footnotes":""},"categories":[6,3],"tags":[],"_links":{"self":[{"href":"https:\/\/diariodigitalmx.com\/index.php\/wp-json\/wp\/v2\/posts\/585"}],"collection":[{"href":"https:\/\/diariodigitalmx.com\/index.php\/wp-json\/wp\/v2\/posts"}],"about":[{"href":"https:\/\/diariodigitalmx.com\/index.php\/wp-json\/wp\/v2\/types\/post"}],"author":[{"embeddable":true,"href":"https:\/\/diariodigitalmx.com\/index.php\/wp-json\/wp\/v2\/users\/1"}],"replies":[{"embeddable":true,"href":"https:\/\/diariodigitalmx.com\/index.php\/wp-json\/wp\/v2\/comments?post=585"}],"version-history":[{"count":2,"href":"https:\/\/diariodigitalmx.com\/index.php\/wp-json\/wp\/v2\/posts\/585\/revisions"}],"predecessor-version":[{"id":594,"href":"https:\/\/diariodigitalmx.com\/index.php\/wp-json\/wp\/v2\/posts\/585\/revisions\/594"}],"wp:featuredmedia":[{"embeddable":true,"href":"https:\/\/diariodigitalmx.com\/index.php\/wp-json\/wp\/v2\/media\/595"}],"wp:attachment":[{"href":"https:\/\/diariodigitalmx.com\/index.php\/wp-json\/wp\/v2\/media?parent=585"}],"wp:term":[{"taxonomy":"category","embeddable":true,"href":"https:\/\/diariodigitalmx.com\/index.php\/wp-json\/wp\/v2\/categories?post=585"},{"taxonomy":"post_tag","embeddable":true,"href":"https:\/\/diariodigitalmx.com\/index.php\/wp-json\/wp\/v2\/tags?post=585"}],"curies":[{"name":"wp","href":"https:\/\/api.w.org\/{rel}","templated":true}]}}