{"id":5938,"date":"2019-06-15T23:16:37","date_gmt":"2019-06-16T04:16:37","guid":{"rendered":"http:\/\/diariodigitalmx.com\/?p=5938"},"modified":"2019-10-18T18:29:31","modified_gmt":"2019-10-18T23:29:31","slug":"luego-del-cierre-de-la-vasconcelos-habra-legalidad-dice-abraham-nuncio","status":"publish","type":"post","link":"https:\/\/diariodigitalmx.com\/index.php\/2019\/06\/15\/luego-del-cierre-de-la-vasconcelos-habra-legalidad-dice-abraham-nuncio\/","title":{"rendered":"Luego del cierre de la Vasconcelos, habr\u00e1 legalidad, dice Abraham Nuncio"},"content":{"rendered":"\n<p>Para el director de la Biblioteca Vasconcelos, Abraham Nuncio Lim\u00f3n, el cierre de ese espacio cultural es un asunto regular y espera que los trabajadores sindicalizados que mantienen el paro lleguen a un acuerdo con la Secretar\u00eda de Cultura para que este mismo lunes el problema quede resuelto.<\/p>\n\n\n\n<p>\u201cNosotros nos mantenemos simplemente a la expectativa, no queremos alterar nada, estamos en un r\u00e9gimen democr\u00e1tico, respetamos las autonom\u00edas y son expresiones que corresponden a los derechos de los trabajadores\u201d, destac\u00f3.<\/p>\n\n\n\n\n\n<p>Nuncio Lim\u00f3n aclar\u00f3 que no desea intervenir en ese conflicto porque se pueden cometer errores que da\u00f1en a la biblioteca y s\u00f3lo hacen un llamado para que las partes en pugna lleguen a un arreglo.<\/p>\n\n\n\n<p>\u201cAparentemente el lunes ambas partes se sentar\u00e1n a dialogar y esperamos una soluci\u00f3n satisfactoria, pues nuestra biblioteca recibe a miles de j\u00f3venes y los fines de semana se acent\u00faan los visitantes.<\/p>\n\n\n\n<p>\u201cConsidero que la biblioteca es una instituci\u00f3n p\u00fablica que brinda servicio a una comunidad muy amplia y nosotros lo que intentamos es satisfacer esas necesidades con diferentes actividades de car\u00e1cter cultural, pero ahora por lo pronto est\u00e1n inactivas\u201d, sentenci\u00f3 Nuncio Lim\u00f3n.<\/p>\n\n\n\n<p>El director de la Biblioteca Vasconcelos se\u00f1al\u00f3 que dicho recinto dej\u00f3 de recibir este fin de semana entre 12 y 13 mil usuarios, se dejaron de repartir a domicilio&nbsp;tres mil 600 libros y en la sala se solicitaban para la lectura&nbsp;nueve&nbsp;mil libros, tanto solo este fin de semana.<\/p>\n\n\n\n<p>\u201cEl problema estall\u00f3 desde el mi\u00e9rcoles y entre semana no se pudo brindar servicio a unos&nbsp;cinco mil usuarios de la biblioteca, y ojal\u00e1 y se resuelva pronto este problema laboral porque el impacto en verdad se resiente\u201d, destac\u00f3 el funcionario.<\/p>\n\n\n\n<p>Abraham Nuncio Lim\u00f3n asegur\u00f3 que en la biblioteca se respeta el derecho en t\u00e9rminos legales todo movimiento se mide por la legalidad por eso se necesita una valoraci\u00f3n m\u00e1s amplia.<\/p>\n\n\n\n<p>\u201cEspero que la legalidad se cumpla y con ello una mejora en su situaci\u00f3n laboral y esto forma parte del respeto que den las autoridades de cultura para mantener a la instituci\u00f3n p\u00fablica al servicio de los usuarios\u201d, finaliz\u00f3.<\/p>\n","protected":false},"excerpt":{"rendered":"<p>Para el director de la Biblioteca Vasconcelos, Abraham Nuncio Lim\u00f3n, el cierre de ese espacio cultural es un asunto regular y espera que los trabajadores sindicalizados que mantienen el paro lleguen a un acuerdo con la Secretar\u00eda de Cultura para que este mismo lunes el problema quede resuelto. \u201cNosotros nos mantenemos simplemente a la expectativa, [&hellip;]<\/p>\n","protected":false},"author":1,"featured_media":5940,"comment_status":"open","ping_status":"open","sticky":true,"template":"","format":"standard","meta":{"footnotes":""},"categories":[11],"tags":[],"_links":{"self":[{"href":"https:\/\/diariodigitalmx.com\/index.php\/wp-json\/wp\/v2\/posts\/5938"}],"collection":[{"href":"https:\/\/diariodigitalmx.com\/index.php\/wp-json\/wp\/v2\/posts"}],"about":[{"href":"https:\/\/diariodigitalmx.com\/index.php\/wp-json\/wp\/v2\/types\/post"}],"author":[{"embeddable":true,"href":"https:\/\/diariodigitalmx.com\/index.php\/wp-json\/wp\/v2\/users\/1"}],"replies":[{"embeddable":true,"href":"https:\/\/diariodigitalmx.com\/index.php\/wp-json\/wp\/v2\/comments?post=5938"}],"version-history":[{"count":1,"href":"https:\/\/diariodigitalmx.com\/index.php\/wp-json\/wp\/v2\/posts\/5938\/revisions"}],"predecessor-version":[{"id":5939,"href":"https:\/\/diariodigitalmx.com\/index.php\/wp-json\/wp\/v2\/posts\/5938\/revisions\/5939"}],"wp:featuredmedia":[{"embeddable":true,"href":"https:\/\/diariodigitalmx.com\/index.php\/wp-json\/wp\/v2\/media\/5940"}],"wp:attachment":[{"href":"https:\/\/diariodigitalmx.com\/index.php\/wp-json\/wp\/v2\/media?parent=5938"}],"wp:term":[{"taxonomy":"category","embeddable":true,"href":"https:\/\/diariodigitalmx.com\/index.php\/wp-json\/wp\/v2\/categories?post=5938"},{"taxonomy":"post_tag","embeddable":true,"href":"https:\/\/diariodigitalmx.com\/index.php\/wp-json\/wp\/v2\/tags?post=5938"}],"curies":[{"name":"wp","href":"https:\/\/api.w.org\/{rel}","templated":true}]}}