{"id":5973,"date":"2019-06-16T15:27:10","date_gmt":"2019-06-16T20:27:10","guid":{"rendered":"http:\/\/diariodigitalmx.com\/?p=5973"},"modified":"2019-10-18T18:27:37","modified_gmt":"2019-10-18T23:27:37","slug":"inauguran-exposicion-colectiva-el-universo","status":"publish","type":"post","link":"https:\/\/diariodigitalmx.com\/index.php\/2019\/06\/16\/inauguran-exposicion-colectiva-el-universo\/","title":{"rendered":"Inauguran Exposici\u00f3n Colectiva &#8220;El Universo&#8221;"},"content":{"rendered":"\n<p> &nbsp;&nbsp;&nbsp;Una invitaci\u00f3n a la introspecci\u00f3n, un viaje de colores y t\u00e9cnicas de la pl\u00e1stica se presenta en el Museo Metropolitano de Monterrey con la Exposici\u00f3n Colectiva \u201cEl Universo\u201d que dej\u00f3 cautivados a los asistentes que se dieron cita a la inauguraci\u00f3n de esta muestra que se compone de 71 obras de arte.<br><\/p>\n\n\n\n<p> &nbsp;&nbsp;&nbsp;El director de Cultura Municipal, Luis Nev\u00e1rez Olivares, presidi\u00f3 el acto de protocolo inaugural y destac\u00f3 que con estas acciones se busca ofrecer una plataforma a los creadores art\u00edsticos no s\u00f3lo de la localidad sino a nivel nacional, pues Monterrey se ha colocado como un referente cultural de la regi\u00f3n.<br><\/p>\n\n\n\n<p> &nbsp;&nbsp;&nbsp;Tambi\u00e9n dijo, se busca consolidar al Museo Metropolitano como un espacio que ofrece a los ciudadanos un panorama general de la producci\u00f3n pl\u00e1stica nacional y de forma gratuita.<\/p>\n\n\n\n<p><br><\/p>\n\n\n\n<ul class=\"wp-block-gallery columns-1 is-cropped wp-block-gallery-1 is-layout-flex wp-block-gallery-is-layout-flex\"><li class=\"blocks-gallery-item\"><figure><img loading=\"lazy\" decoding=\"async\" width=\"1024\" height=\"683\" src=\"http:\/\/diariodigitalmx.com\/wp-content\/uploads\/2019\/06\/8-1024x683.jpg\" alt=\"\" data-id=\"5978\" data-link=\"http:\/\/diariodigitalmx.com\/index.php\/2019\/06\/16\/inauguran-exposicion-colectiva-el-universo\/attachment\/8\/\" class=\"wp-image-5978\" srcset=\"https:\/\/diariodigitalmx.com\/wp-content\/uploads\/2019\/06\/8-1024x683.jpg 1024w, https:\/\/diariodigitalmx.com\/wp-content\/uploads\/2019\/06\/8-300x200.jpg 300w, https:\/\/diariodigitalmx.com\/wp-content\/uploads\/2019\/06\/8-768x512.jpg 768w\" sizes=\"(max-width: 1024px) 100vw, 1024px\" \/><\/figure><\/li><\/ul>\n\n\n\n<p> &nbsp;&nbsp;&nbsp;En la inauguraci\u00f3n, la artista pl\u00e1stica Atziri P\u00e9rez, agradeci\u00f3 al Alcalde Adri\u00e1n de la Garza por ofrecer estas \u00e1reas ya que \u201clos artistas mexicanos buscan este respaldo y es gratificante que exista esa conexi\u00f3n entre autoridades y nosotros\u201d. <br><\/p>\n\n\n\n<p> &nbsp;&nbsp;&nbsp;La muestra El Universo, se compone por 71 obras de arte en diferentes t\u00e9cnicas como: \u00f3leo, acr\u00edlico, mixta, tinta china, y acuarela entre otras.<\/p>\n\n\n\n<p><br><\/p>\n\n\n\n<ul class=\"wp-block-gallery columns-1 is-cropped wp-block-gallery-2 is-layout-flex wp-block-gallery-is-layout-flex\"><li class=\"blocks-gallery-item\"><figure><img loading=\"lazy\" decoding=\"async\" width=\"1024\" height=\"683\" src=\"http:\/\/diariodigitalmx.com\/wp-content\/uploads\/2019\/06\/4-1024x683.jpg\" alt=\"\" data-id=\"5980\" data-link=\"http:\/\/diariodigitalmx.com\/index.php\/2019\/06\/16\/inauguran-exposicion-colectiva-el-universo\/4-3\/\" class=\"wp-image-5980\" srcset=\"https:\/\/diariodigitalmx.com\/wp-content\/uploads\/2019\/06\/4-1024x683.jpg 1024w, https:\/\/diariodigitalmx.com\/wp-content\/uploads\/2019\/06\/4-300x200.jpg 300w, https:\/\/diariodigitalmx.com\/wp-content\/uploads\/2019\/06\/4-768x512.jpg 768w\" sizes=\"(max-width: 1024px) 100vw, 1024px\" \/><\/figure><\/li><\/ul>\n\n\n\n<ul class=\"wp-block-gallery columns-3 is-cropped wp-block-gallery-3 is-layout-flex wp-block-gallery-is-layout-flex\"><li class=\"blocks-gallery-item\"><figure><img loading=\"lazy\" decoding=\"async\" width=\"1024\" height=\"816\" src=\"http:\/\/diariodigitalmx.com\/wp-content\/uploads\/2019\/06\/7-1024x816.jpg\" alt=\"\" data-id=\"5983\" data-link=\"http:\/\/diariodigitalmx.com\/index.php\/2019\/06\/16\/inauguran-exposicion-colectiva-el-universo\/7-3\/\" class=\"wp-image-5983\" srcset=\"https:\/\/diariodigitalmx.com\/wp-content\/uploads\/2019\/06\/7-1024x816.jpg 1024w, https:\/\/diariodigitalmx.com\/wp-content\/uploads\/2019\/06\/7-300x239.jpg 300w, https:\/\/diariodigitalmx.com\/wp-content\/uploads\/2019\/06\/7-768x612.jpg 768w, https:\/\/diariodigitalmx.com\/wp-content\/uploads\/2019\/06\/7.jpg 1791w\" sizes=\"(max-width: 1024px) 100vw, 1024px\" \/><\/figure><\/li><li class=\"blocks-gallery-item\"><figure><img loading=\"lazy\" decoding=\"async\" width=\"1024\" height=\"683\" src=\"http:\/\/diariodigitalmx.com\/wp-content\/uploads\/2019\/06\/9-1024x683.jpg\" alt=\"\" data-id=\"5984\" data-link=\"http:\/\/diariodigitalmx.com\/index.php\/2019\/06\/16\/inauguran-exposicion-colectiva-el-universo\/9-3\/\" class=\"wp-image-5984\" srcset=\"https:\/\/diariodigitalmx.com\/wp-content\/uploads\/2019\/06\/9-1024x683.jpg 1024w, https:\/\/diariodigitalmx.com\/wp-content\/uploads\/2019\/06\/9-300x200.jpg 300w, https:\/\/diariodigitalmx.com\/wp-content\/uploads\/2019\/06\/9-768x512.jpg 768w\" sizes=\"(max-width: 1024px) 100vw, 1024px\" \/><\/figure><\/li><li class=\"blocks-gallery-item\"><figure><img loading=\"lazy\" decoding=\"async\" width=\"1024\" height=\"683\" src=\"http:\/\/diariodigitalmx.com\/wp-content\/uploads\/2019\/06\/2-1-1024x683.jpg\" alt=\"\" data-id=\"5985\" data-link=\"http:\/\/diariodigitalmx.com\/index.php\/2019\/06\/16\/inauguran-exposicion-colectiva-el-universo\/2-7\/\" class=\"wp-image-5985\" srcset=\"https:\/\/diariodigitalmx.com\/wp-content\/uploads\/2019\/06\/2-1-1024x683.jpg 1024w, https:\/\/diariodigitalmx.com\/wp-content\/uploads\/2019\/06\/2-1-300x200.jpg 300w, https:\/\/diariodigitalmx.com\/wp-content\/uploads\/2019\/06\/2-1-768x512.jpg 768w\" sizes=\"(max-width: 1024px) 100vw, 1024px\" \/><\/figure><\/li><li class=\"blocks-gallery-item\"><figure><img loading=\"lazy\" decoding=\"async\" width=\"1024\" height=\"683\" src=\"http:\/\/diariodigitalmx.com\/wp-content\/uploads\/2019\/06\/1-1024x683.jpg\" alt=\"\" data-id=\"5986\" data-link=\"http:\/\/diariodigitalmx.com\/index.php\/2019\/06\/16\/inauguran-exposicion-colectiva-el-universo\/1-5\/\" class=\"wp-image-5986\" srcset=\"https:\/\/diariodigitalmx.com\/wp-content\/uploads\/2019\/06\/1-1024x683.jpg 1024w, https:\/\/diariodigitalmx.com\/wp-content\/uploads\/2019\/06\/1-300x200.jpg 300w, https:\/\/diariodigitalmx.com\/wp-content\/uploads\/2019\/06\/1-768x512.jpg 768w\" sizes=\"(max-width: 1024px) 100vw, 1024px\" \/><\/figure><\/li><li class=\"blocks-gallery-item\"><figure><img loading=\"lazy\" decoding=\"async\" width=\"683\" height=\"1024\" src=\"http:\/\/diariodigitalmx.com\/wp-content\/uploads\/2019\/06\/6-683x1024.jpg\" alt=\"\" data-id=\"5987\" data-link=\"http:\/\/diariodigitalmx.com\/index.php\/2019\/06\/16\/inauguran-exposicion-colectiva-el-universo\/6-6\/\" class=\"wp-image-5987\" srcset=\"https:\/\/diariodigitalmx.com\/wp-content\/uploads\/2019\/06\/6-683x1024.jpg 683w, https:\/\/diariodigitalmx.com\/wp-content\/uploads\/2019\/06\/6-200x300.jpg 200w, https:\/\/diariodigitalmx.com\/wp-content\/uploads\/2019\/06\/6-768x1152.jpg 768w, https:\/\/diariodigitalmx.com\/wp-content\/uploads\/2019\/06\/6.jpg 1536w\" sizes=\"(max-width: 683px) 100vw, 683px\" \/><\/figure><\/li><\/ul>\n\n\n\n<p> &nbsp;&nbsp;&nbsp;La conforman 15 artistas de diferentes estados de la Rep\u00fablica como Nuevo Le\u00f3n, Tabasco, Oaxaca, Sinaloa, Chiapas, Guerrero, Ciudad de M\u00e9xico, Sonora y un artista espa\u00f1ol. &nbsp;<br><\/p>\n\n\n\n<p> &nbsp;&nbsp;&nbsp;&nbsp;Se trata de Alfredo Romero Campos, Atziri P\u00e9rez Galindo, Carlos Balderrama F\u00e9lix, Fernando Sevilla Pital\u00faa, Gildardo Hern\u00e1ndez, H\u00e9ctor C. Massiel, Joel Alan\u00eds, Julio Garc\u00e9s, Mar\u00eda Elena Vargas Maga\u00f1a, Max Sanz, Miguel Alejandro Bolaina, No\u00e9 D\u00edaz Ib\u00e1\u00f1ez, Pablo Luzardo, Rosendo Vega, y Sulamit Elizondo, quienes cuentan con una amplia trayectoria de exposiciones individuales y colectivas; publicaciones; y algunos han recibido importantes premios.<\/p>\n\n\n\n<p> &nbsp;&nbsp;&nbsp;&nbsp;&nbsp;La exposici\u00f3n estar\u00e1 hasta septiembre, y se podr\u00e1 admirar de martes a domingos de 10 de la ma\u00f1ana a las 18:00 horas, en la sala Zaragoza.<\/p>\n","protected":false},"excerpt":{"rendered":"<p>&nbsp;&nbsp;&nbsp;Una invitaci\u00f3n a la introspecci\u00f3n, un viaje de colores y t\u00e9cnicas de la pl\u00e1stica se presenta en el Museo Metropolitano de Monterrey con la Exposici\u00f3n Colectiva \u201cEl Universo\u201d que dej\u00f3 cautivados a los asistentes que se dieron cita a la inauguraci\u00f3n de esta muestra que se compone de 71 obras de arte. &nbsp;&nbsp;&nbsp;El director de [&hellip;]<\/p>\n","protected":false},"author":1,"featured_media":5975,"comment_status":"open","ping_status":"open","sticky":true,"template":"","format":"standard","meta":{"footnotes":""},"categories":[11],"tags":[],"_links":{"self":[{"href":"https:\/\/diariodigitalmx.com\/index.php\/wp-json\/wp\/v2\/posts\/5973"}],"collection":[{"href":"https:\/\/diariodigitalmx.com\/index.php\/wp-json\/wp\/v2\/posts"}],"about":[{"href":"https:\/\/diariodigitalmx.com\/index.php\/wp-json\/wp\/v2\/types\/post"}],"author":[{"embeddable":true,"href":"https:\/\/diariodigitalmx.com\/index.php\/wp-json\/wp\/v2\/users\/1"}],"replies":[{"embeddable":true,"href":"https:\/\/diariodigitalmx.com\/index.php\/wp-json\/wp\/v2\/comments?post=5973"}],"version-history":[{"count":7,"href":"https:\/\/diariodigitalmx.com\/index.php\/wp-json\/wp\/v2\/posts\/5973\/revisions"}],"predecessor-version":[{"id":14472,"href":"https:\/\/diariodigitalmx.com\/index.php\/wp-json\/wp\/v2\/posts\/5973\/revisions\/14472"}],"wp:featuredmedia":[{"embeddable":true,"href":"https:\/\/diariodigitalmx.com\/index.php\/wp-json\/wp\/v2\/media\/5975"}],"wp:attachment":[{"href":"https:\/\/diariodigitalmx.com\/index.php\/wp-json\/wp\/v2\/media?parent=5973"}],"wp:term":[{"taxonomy":"category","embeddable":true,"href":"https:\/\/diariodigitalmx.com\/index.php\/wp-json\/wp\/v2\/categories?post=5973"},{"taxonomy":"post_tag","embeddable":true,"href":"https:\/\/diariodigitalmx.com\/index.php\/wp-json\/wp\/v2\/tags?post=5973"}],"curies":[{"name":"wp","href":"https:\/\/api.w.org\/{rel}","templated":true}]}}