{"id":6007,"date":"2019-06-17T06:04:30","date_gmt":"2019-06-17T11:04:30","guid":{"rendered":"http:\/\/diariodigitalmx.com\/?p=6007"},"modified":"2019-10-18T18:26:20","modified_gmt":"2019-10-18T23:26:20","slug":"agreden-a-18-mil-mujeres-en-n-l","status":"publish","type":"post","link":"https:\/\/diariodigitalmx.com\/index.php\/2019\/06\/17\/agreden-a-18-mil-mujeres-en-n-l\/","title":{"rendered":"Agreden a 18 mil mujeres en N L"},"content":{"rendered":"\n<p><br> Por Salvador Hern\u00e1ndez LANDEROS<br> No s\u00e9 a ustedes, pero a m\u00ed me parte el alma saber qu\u00e9 en un a\u00f1o, en Nuevo <br> Le\u00f3n, han sido agredidas18 mil mujeres.<br> De acuerdo a las cifras del Instituto Estatal de la Mujer, nos indica que cada <br> mes, mil 500 mujeres son v\u00edctimas de la violencia de g\u00e9nero.<br> Es decir que, en nuestro Estado, una mujer est\u00e1 siendo agredida en forma f\u00edsica, <br> verbal, sexual y hasta psicol\u00f3gicamente, cada media hora.<br> Esa cifra, son de las denuncias que tiene registradas el IEM. Falta la cifra negra <br> de quienes no denuncian y, peor a\u00fan, las fallecidas en hechos violentos.<br> Me lastima conocer esas estad\u00edsticas. Me indigna el comportamiento de los <br> agresores. Ahora si, como dice la canci\u00f3n. \u00a1A d\u00f3nde vamos a parar!<br> Hoy, hace un mes y siete d\u00edas, el 10 de mayo, festejamos el D\u00eda de la Madre. <br> Una mujer. Y ayer, el D\u00eda del Padre. Un hombre. \u00a1Cu\u00e1nta falsedad!<br> Un hombre y una mujer, sin machismo alguno porque b\u00edblicamente primero fue <br> Ad\u00e1n, despu\u00e9s Eva, iniciaron la creaci\u00f3n y multiplicaci\u00f3n de la humanidad.<br> El que sean miles de mujeres agredidas no habla bien del hombre de Nuevo <br> Le\u00f3n, un Estado que siempre se distingui\u00f3 por sus valores familiares,<br> Se valora el esfuerzo de la presidenta del IEM, Martha Cecilia Reyes, aunque<br> las pol\u00edticas del Estado para evitar el problema no funcionen como debiera ser.<br> Porque no es cuesti\u00f3n del Estado. Es de familia, de educaci\u00f3n, de valores, de <br> principios. Como sociedad, no debemos permitir la agresi\u00f3n a la mujer.<br> Evitar que la cifra se eleve est\u00e1 en nosotros, la sociedad. Valoremos pues a la <br> mujer.<br> chavalolanderos@yahoo.com.mx<\/p>\n","protected":false},"excerpt":{"rendered":"<p>Por Salvador Hern\u00e1ndez LANDEROS No s\u00e9 a ustedes, pero a m\u00ed me parte el alma saber qu\u00e9 en un a\u00f1o, en Nuevo Le\u00f3n, han sido agredidas18 mil mujeres. De acuerdo a las cifras del Instituto Estatal de la Mujer, nos indica que cada mes, mil 500 mujeres son v\u00edctimas de la violencia de g\u00e9nero. Es [&hellip;]<\/p>\n","protected":false},"author":1,"featured_media":2757,"comment_status":"open","ping_status":"open","sticky":true,"template":"","format":"standard","meta":{"footnotes":""},"categories":[12],"tags":[],"_links":{"self":[{"href":"https:\/\/diariodigitalmx.com\/index.php\/wp-json\/wp\/v2\/posts\/6007"}],"collection":[{"href":"https:\/\/diariodigitalmx.com\/index.php\/wp-json\/wp\/v2\/posts"}],"about":[{"href":"https:\/\/diariodigitalmx.com\/index.php\/wp-json\/wp\/v2\/types\/post"}],"author":[{"embeddable":true,"href":"https:\/\/diariodigitalmx.com\/index.php\/wp-json\/wp\/v2\/users\/1"}],"replies":[{"embeddable":true,"href":"https:\/\/diariodigitalmx.com\/index.php\/wp-json\/wp\/v2\/comments?post=6007"}],"version-history":[{"count":1,"href":"https:\/\/diariodigitalmx.com\/index.php\/wp-json\/wp\/v2\/posts\/6007\/revisions"}],"predecessor-version":[{"id":6008,"href":"https:\/\/diariodigitalmx.com\/index.php\/wp-json\/wp\/v2\/posts\/6007\/revisions\/6008"}],"wp:featuredmedia":[{"embeddable":true,"href":"https:\/\/diariodigitalmx.com\/index.php\/wp-json\/wp\/v2\/media\/2757"}],"wp:attachment":[{"href":"https:\/\/diariodigitalmx.com\/index.php\/wp-json\/wp\/v2\/media?parent=6007"}],"wp:term":[{"taxonomy":"category","embeddable":true,"href":"https:\/\/diariodigitalmx.com\/index.php\/wp-json\/wp\/v2\/categories?post=6007"},{"taxonomy":"post_tag","embeddable":true,"href":"https:\/\/diariodigitalmx.com\/index.php\/wp-json\/wp\/v2\/tags?post=6007"}],"curies":[{"name":"wp","href":"https:\/\/api.w.org\/{rel}","templated":true}]}}