{"id":6083,"date":"2019-06-18T16:53:38","date_gmt":"2019-06-18T21:53:38","guid":{"rendered":"http:\/\/diariodigitalmx.com\/?p=6083"},"modified":"2019-06-18T16:56:03","modified_gmt":"2019-06-18T21:56:03","slug":"que-consulta-de-revocacion-de-mandato-sea-el-21-de-marzo-de-2021-propone-amlo","status":"publish","type":"post","link":"https:\/\/diariodigitalmx.com\/index.php\/2019\/06\/18\/que-consulta-de-revocacion-de-mandato-sea-el-21-de-marzo-de-2021-propone-amlo\/","title":{"rendered":"Que consulta de revocaci\u00f3n de mandato sea el 21 de marzo de 2021, propone AMLO"},"content":{"rendered":"\n<p>Ante el rechazo de la oposici\u00f3n para que la consulta sobre la revocaci\u00f3n de mandato se realice el mismo d\u00eda de la contienda federal intermedia, el presidente Andr\u00e9s Manuel L\u00f3pez Obrador propuso que este ejercicio se realice el domingo 21 de marzo del 2021.<\/p>\n\n\n\n<p>En conferencia de prensa en Palacio Nacional, coment\u00f3 que con su propuesta busca que \u201cno se gaste m\u00e1s\u201d en los comicios, por lo que&nbsp;si no se acepta que el ejercicio se haga el mismo d\u00eda de las elecciones, el planteamiento es que se adelante para la fecha se\u00f1alada.<\/p>\n\n\n\n<p>L\u00f3pez Obrador dijo que en la consulta se preguntar\u00eda a los ciudadanos si quieren que contin\u00fae el presidente o que renuncie, \u201cese ser\u00eda un buen d\u00eda y hasta adelantamos los tiempos\u201d.<\/p>\n\n\n\n<p>La oposici\u00f3n descart\u00f3 cualquier posibilidad de aprobar la reforma constitucional en materia de consulta popular y revocaci\u00f3n de mandato, como plante\u00f3 el jefe del Ejecutivo, la cual est\u00e1 inscrita para abordarse en el pleno del Senado, durante el periodo extraordinario que se llevar\u00e1 a cabo a partir de este martes 18 de junio.<\/p>\n","protected":false},"excerpt":{"rendered":"<p>Ante el rechazo de la oposici\u00f3n para que la consulta sobre la revocaci\u00f3n de mandato se realice el mismo d\u00eda de la contienda federal intermedia, el presidente Andr\u00e9s Manuel L\u00f3pez Obrador propuso que este ejercicio se realice el domingo 21 de marzo del 2021. En conferencia de prensa en Palacio Nacional, coment\u00f3 que con su [&hellip;]<\/p>\n","protected":false},"author":1,"featured_media":6085,"comment_status":"open","ping_status":"open","sticky":true,"template":"","format":"standard","meta":{"footnotes":""},"categories":[14,2],"tags":[],"_links":{"self":[{"href":"https:\/\/diariodigitalmx.com\/index.php\/wp-json\/wp\/v2\/posts\/6083"}],"collection":[{"href":"https:\/\/diariodigitalmx.com\/index.php\/wp-json\/wp\/v2\/posts"}],"about":[{"href":"https:\/\/diariodigitalmx.com\/index.php\/wp-json\/wp\/v2\/types\/post"}],"author":[{"embeddable":true,"href":"https:\/\/diariodigitalmx.com\/index.php\/wp-json\/wp\/v2\/users\/1"}],"replies":[{"embeddable":true,"href":"https:\/\/diariodigitalmx.com\/index.php\/wp-json\/wp\/v2\/comments?post=6083"}],"version-history":[{"count":1,"href":"https:\/\/diariodigitalmx.com\/index.php\/wp-json\/wp\/v2\/posts\/6083\/revisions"}],"predecessor-version":[{"id":6084,"href":"https:\/\/diariodigitalmx.com\/index.php\/wp-json\/wp\/v2\/posts\/6083\/revisions\/6084"}],"wp:featuredmedia":[{"embeddable":true,"href":"https:\/\/diariodigitalmx.com\/index.php\/wp-json\/wp\/v2\/media\/6085"}],"wp:attachment":[{"href":"https:\/\/diariodigitalmx.com\/index.php\/wp-json\/wp\/v2\/media?parent=6083"}],"wp:term":[{"taxonomy":"category","embeddable":true,"href":"https:\/\/diariodigitalmx.com\/index.php\/wp-json\/wp\/v2\/categories?post=6083"},{"taxonomy":"post_tag","embeddable":true,"href":"https:\/\/diariodigitalmx.com\/index.php\/wp-json\/wp\/v2\/tags?post=6083"}],"curies":[{"name":"wp","href":"https:\/\/api.w.org\/{rel}","templated":true}]}}