{"id":6101,"date":"2019-06-18T18:06:23","date_gmt":"2019-06-18T23:06:23","guid":{"rendered":"http:\/\/diariodigitalmx.com\/?p=6101"},"modified":"2019-10-18T18:22:20","modified_gmt":"2019-10-18T23:22:20","slug":"se-declara-en-quiebra-odebrecht-en-brasil","status":"publish","type":"post","link":"https:\/\/diariodigitalmx.com\/index.php\/2019\/06\/18\/se-declara-en-quiebra-odebrecht-en-brasil\/","title":{"rendered":"Se declara en quiebra Odebrecht en Brasil"},"content":{"rendered":"\n<p>Brasilia.- El juez de la primera Corte de Bancarrota de\nSao Paulo, Jo\u00e3o Rodrigues de Oliveira Filho, acept\u00f3 la solicitud de\nrecuperaci\u00f3n judicial, protecci\u00f3n por bancarrota, presentada por Odebrecht, por\nlo que el grupo empresarial tiene 60 d\u00edas para presentar un plan de\nrecuperaci\u00f3n.<\/p>\n\n\n\n<p>El juez tambi\u00e9n nombr\u00f3 a la\noficina de Alvarez &amp; Marsal como administrador judicial, adem\u00e1s de que dio\nun plazo de 15 d\u00eda para que se presenten divergencias sobre las deudas\nplanteadas en el proceso, report\u00f3 Agencia Brasil.<\/p>\n\n\n\n\n\n\n\n<p>La\ndecisi\u00f3n de Oliveira Filho establece la suspensi\u00f3n de todas las acciones o\nejecuciones judiciales contra las empresas involucradas, de acuerdo con la Ley\nde Recuperaciones y Quiebras, como una forma de proteger las operaciones de las\ncompa\u00f1\u00edas.\n\n<\/p>\n\n\n\n\n\n<p>Las deudas resultantes de condenas laborales se\nincluir\u00e1n directamente en el marco de acreedores, indic\u00f3.\n\n\n\n<\/p>\n\n\n\n<p>Esta decisi\u00f3n se da luego que el magistrado reconoci\u00f3 la interdependencia\nde las empresas del grupo.<\/p>\n\n\n\n<p>Oliveira Filho tambi\u00e9n acat\u00f3 el pedido del grupo\npara que queden protegidas sus participaciones en las compa\u00f1\u00edas Braskem, Ocyan\ny Atvos, ya que Odebrecht aleg\u00f3 que esas empresa son \u201cbienes esenciales\u201d para\nsu supervivencia.<\/p>\n\n\n\n<p><a href=\"https:\/\/www.elsoldemexico.com.mx\/mundo\/odebrecht-solicita-recuperacion-judicial-para-evitar-la-quiebra-brasil-lavajato-3776893.html\">Odebrecht, y unas 20 empresas del\ngrupo, solicitaron el lunes a la justicia brasile\u00f1a una protecci\u00f3n por\nbancarrota<\/a>&nbsp;para poder reestructurar su deuda por unos 13 mil\n144 millones de d\u00f3lares, de un total de 25 mil 500 millones de deuda que\nenfrenta, para evitar la quiebra, una acci\u00f3n considerada como la mayor\nreestructuraci\u00f3n en la historia de Brasil, e incluso la mayor en Am\u00e9rica\nLatina, seg\u00fan analistas financieros.<\/p>\n\n\n\n\n\n<p>La situaci\u00f3n es resultado de \u201cla m\u00e1s grave crisis\necon\u00f3mica en d\u00e9cadas\u201d, asegur\u00f3 el grupo en un comunicado a sus trabajadores, y\nprecis\u00f3 que la renegociaci\u00f3n fue acordada en un juzgado de Sao Paulo.\n\n\n\n<\/p>\n\n\n\n<p><\/p>\n\n\n\n<p><\/p>\n\n\n\n<p>La empresa argument\u00f3 que la protecci\u00f3n por bancarrota era la mejor forma de concluir con su reestructuraci\u00f3n de deuda, cuando los acreedores buscan incautar los activos comprometidos como garant\u00eda por impago.<\/p>\n\n\n\n<p>Odebrech indic\u00f3 que la empresa y sus subsidiarias continuar\u00e1n con sus operaciones regulares durante la reorganizaci\u00f3n de deuda.<\/p>\n\n\n\n<p>Entre los mayores acreedores de Odebrecht figuran los bancos BNDES, Banco do Brasil, Caixa, Ita\u00fa, Bradesco, Santander y el The Bank of New York Mellon, seg\u00fan el portal G1.<\/p>\n","protected":false},"excerpt":{"rendered":"<p>Brasilia.- El juez de la primera Corte de Bancarrota de Sao Paulo, Jo\u00e3o Rodrigues de Oliveira Filho, acept\u00f3 la solicitud de recuperaci\u00f3n judicial, protecci\u00f3n por bancarrota, presentada por Odebrecht, por lo que el grupo empresarial tiene 60 d\u00edas para presentar un plan de recuperaci\u00f3n. El juez tambi\u00e9n nombr\u00f3 a la oficina de Alvarez &amp; Marsal [&hellip;]<\/p>\n","protected":false},"author":1,"featured_media":6105,"comment_status":"open","ping_status":"open","sticky":true,"template":"","format":"standard","meta":{"footnotes":""},"categories":[10],"tags":[],"_links":{"self":[{"href":"https:\/\/diariodigitalmx.com\/index.php\/wp-json\/wp\/v2\/posts\/6101"}],"collection":[{"href":"https:\/\/diariodigitalmx.com\/index.php\/wp-json\/wp\/v2\/posts"}],"about":[{"href":"https:\/\/diariodigitalmx.com\/index.php\/wp-json\/wp\/v2\/types\/post"}],"author":[{"embeddable":true,"href":"https:\/\/diariodigitalmx.com\/index.php\/wp-json\/wp\/v2\/users\/1"}],"replies":[{"embeddable":true,"href":"https:\/\/diariodigitalmx.com\/index.php\/wp-json\/wp\/v2\/comments?post=6101"}],"version-history":[{"count":4,"href":"https:\/\/diariodigitalmx.com\/index.php\/wp-json\/wp\/v2\/posts\/6101\/revisions"}],"predecessor-version":[{"id":6106,"href":"https:\/\/diariodigitalmx.com\/index.php\/wp-json\/wp\/v2\/posts\/6101\/revisions\/6106"}],"wp:featuredmedia":[{"embeddable":true,"href":"https:\/\/diariodigitalmx.com\/index.php\/wp-json\/wp\/v2\/media\/6105"}],"wp:attachment":[{"href":"https:\/\/diariodigitalmx.com\/index.php\/wp-json\/wp\/v2\/media?parent=6101"}],"wp:term":[{"taxonomy":"category","embeddable":true,"href":"https:\/\/diariodigitalmx.com\/index.php\/wp-json\/wp\/v2\/categories?post=6101"},{"taxonomy":"post_tag","embeddable":true,"href":"https:\/\/diariodigitalmx.com\/index.php\/wp-json\/wp\/v2\/tags?post=6101"}],"curies":[{"name":"wp","href":"https:\/\/api.w.org\/{rel}","templated":true}]}}