{"id":6116,"date":"2019-06-19T12:09:21","date_gmt":"2019-06-19T17:09:21","guid":{"rendered":"http:\/\/diariodigitalmx.com\/?p=6116"},"modified":"2019-06-19T12:09:23","modified_gmt":"2019-06-19T17:09:23","slug":"no-me-voy-a-dejar-cucar-no-quiero-pleitos-con-los-empresarios-dice-el-presidente-lopez-obrador","status":"publish","type":"post","link":"https:\/\/diariodigitalmx.com\/index.php\/2019\/06\/19\/no-me-voy-a-dejar-cucar-no-quiero-pleitos-con-los-empresarios-dice-el-presidente-lopez-obrador\/","title":{"rendered":"&#8220;No me voy a dejar cucar, no quiero pleitos con los empresarios&#8221;, dice el presidente L\u00f3pez Obrador"},"content":{"rendered":"\n<p>Tras el extra\u00f1amiento del\nsector empresarial por la cancelaci\u00f3n de rondas petroleras, el presidente\nAndr\u00e9s Manuel L\u00f3pez Obrador neg\u00f3 que haya una confrontaci\u00f3n con los empresarios\ndel pa\u00eds e incluso afirm\u00f3 que es muy buena la relaci\u00f3n y se respetan todos los\ncontratos existentes.<\/p>\n\n\n\n<p>Tras el&nbsp;extra\u00f1amiento&nbsp;del sector\nempresarial por la cancelaci\u00f3n de rondas petroleras, el presidente Andr\u00e9s\nManuel L\u00f3pez Obrador neg\u00f3 que haya una confrontaci\u00f3n con los empresarios del\npa\u00eds e incluso afirm\u00f3 que es muy buena la relaci\u00f3n y se respetan todos los\ncontratos existentes.&nbsp;<\/p>\n\n\n\n<p>\u201cQue\nno se entienda que hay una confrontaci\u00f3n con el sector empresarial, es muy\nbuena la relaci\u00f3n y Carlos Salazar -presidente del Consejo Coordinador\nEmpresarial (CCE)- es una persona honorable, si acaso hace falta intercambiar\ninformaci\u00f3n\u2026 No me voy a dejar cucar, no quiero pleitos\u201d, expres\u00f3 L\u00f3pez\nObrador.<\/p>\n\n\n\n<p>En\nconferencia de prensa en Palacio Nacional,&nbsp;reiter\u00f3 el inter\u00e9s de su\ngobierno en que los&nbsp;sectores p\u00fablico y privado trabajen de manera\ncoordinada, pero dej\u00f3 en claro que no se busca \u201cdar concesiones a diestra y\nsiniestra para generar especulaci\u00f3n&#8230; C\u00f3mo&nbsp;entregar m\u00e1s contratos si los\nque su suscribieron no est\u00e1n dando buenos resultados&#8221;, dijo.<\/p>\n\n\n\n<p>El\nmandatario federal resalt\u00f3 que en el reciente convenio que se firm\u00f3 con el CCE\npara promover la inversi\u00f3n, se establecen los compromisos adquirirlos, y que\nincluso \u201chay una cl\u00e1usula donde se habla de convocar a quienes tienen contratos\nen Pemex para que inviertan y se cumplan con esos compromisos\u201d.<\/p>\n","protected":false},"excerpt":{"rendered":"<p>Tras el extra\u00f1amiento del sector empresarial por la cancelaci\u00f3n de rondas petroleras, el presidente Andr\u00e9s Manuel L\u00f3pez Obrador neg\u00f3 que haya una confrontaci\u00f3n con los empresarios del pa\u00eds e incluso afirm\u00f3 que es muy buena la relaci\u00f3n y se respetan todos los contratos existentes. Tras el&nbsp;extra\u00f1amiento&nbsp;del sector empresarial por la cancelaci\u00f3n de rondas petroleras, el [&hellip;]<\/p>\n","protected":false},"author":1,"featured_media":6118,"comment_status":"open","ping_status":"open","sticky":true,"template":"","format":"standard","meta":{"footnotes":""},"categories":[14,2],"tags":[],"_links":{"self":[{"href":"https:\/\/diariodigitalmx.com\/index.php\/wp-json\/wp\/v2\/posts\/6116"}],"collection":[{"href":"https:\/\/diariodigitalmx.com\/index.php\/wp-json\/wp\/v2\/posts"}],"about":[{"href":"https:\/\/diariodigitalmx.com\/index.php\/wp-json\/wp\/v2\/types\/post"}],"author":[{"embeddable":true,"href":"https:\/\/diariodigitalmx.com\/index.php\/wp-json\/wp\/v2\/users\/1"}],"replies":[{"embeddable":true,"href":"https:\/\/diariodigitalmx.com\/index.php\/wp-json\/wp\/v2\/comments?post=6116"}],"version-history":[{"count":1,"href":"https:\/\/diariodigitalmx.com\/index.php\/wp-json\/wp\/v2\/posts\/6116\/revisions"}],"predecessor-version":[{"id":6117,"href":"https:\/\/diariodigitalmx.com\/index.php\/wp-json\/wp\/v2\/posts\/6116\/revisions\/6117"}],"wp:featuredmedia":[{"embeddable":true,"href":"https:\/\/diariodigitalmx.com\/index.php\/wp-json\/wp\/v2\/media\/6118"}],"wp:attachment":[{"href":"https:\/\/diariodigitalmx.com\/index.php\/wp-json\/wp\/v2\/media?parent=6116"}],"wp:term":[{"taxonomy":"category","embeddable":true,"href":"https:\/\/diariodigitalmx.com\/index.php\/wp-json\/wp\/v2\/categories?post=6116"},{"taxonomy":"post_tag","embeddable":true,"href":"https:\/\/diariodigitalmx.com\/index.php\/wp-json\/wp\/v2\/tags?post=6116"}],"curies":[{"name":"wp","href":"https:\/\/api.w.org\/{rel}","templated":true}]}}