{"id":6122,"date":"2019-06-19T12:15:54","date_gmt":"2019-06-19T17:15:54","guid":{"rendered":"http:\/\/diariodigitalmx.com\/?p=6122"},"modified":"2019-06-19T12:15:54","modified_gmt":"2019-06-19T17:15:54","slug":"lamentan-que-no-asista-amlo-a-g20","status":"publish","type":"post","link":"https:\/\/diariodigitalmx.com\/index.php\/2019\/06\/19\/lamentan-que-no-asista-amlo-a-g20\/","title":{"rendered":"Lamentan que no asista AMLO a G20"},"content":{"rendered":"\n<p>Por Agencia EFE<\/p>\n\n\n\n<p>Un funcionario japon\u00e9s de\nelevado rango muy vinculado con los preparativos de la cumbre del G20 que se\ncelebrar\u00e1 en la ciudad de Osaka calific\u00f3 hoy como &#8220;desafortunada&#8221; la\nausencia en esa reuni\u00f3n del presidente de M\u00e9xico, Andr\u00e9s L\u00f3pez Obrador.<\/p>\n\n\n\n<p>El pasado 4 de junio, L\u00f3pez\nObrador anunci\u00f3 que no acudir\u00eda a cumbre que se desarrollar\u00e1 la pr\u00f3xima semana\nen Osaka, en el centro de Jap\u00f3n, porque en esas citas se miran las cosas\n&#8220;por encima&#8221;.<br>\n<br>\nEl gobernante mexicano emplaz\u00f3 tambi\u00e9n a los\npa\u00edses desarrollados que integran el G20 para que haya una reuni\u00f3n en la que se\nanalicen &#8220;los problemas de la desigualdad en el mundo&#8221;.<br>\n<br>\nEl viceministro de Finanzas para Asuntos\nInternacionales de Jap\u00f3n, Masatsugu Asakawa, se refiri\u00f3 este mi\u00e9rcoles a esas\nausencia y dijo que &#8220;por supuesto esto es algo desafortunado&#8221;, seg\u00fan\nse\u00f1al\u00f3 en una rueda de prensa en el Club de Corresponsales Extranjeros en Jap\u00f3n\n(FCCJ, en ingl\u00e9s).<br>\n<br>\nConsultado sobre la posibilidad de que L\u00f3pez\nObrador piense que el G20 no afronta apropiadamente los problemas de\ndesigualdad global, Asakawa respondi\u00f3 que &#8220;no necesariamente&#8221; es esa\nraz\u00f3n y agreg\u00f3 que habr\u00e1 &#8220;algunas circunstancias&#8221; para su ausencia,\nque no detall\u00f3.<br>\n<br>\nEl G20 es una iniciativa liderada por los\nministerios de Hacienda de los pa\u00edses integrantes, que representan a las\neconom\u00edas m\u00e1s desarrolladas y a otras naciones en desarrollo, entre ellas\nM\u00e9xico.<br>\n<br>\nL\u00f3pez Obrador dijo que en la cita de Osaka, entre\nel 28 y 29 de junio, M\u00e9xico estar\u00e1 representado por el secretario de Hacienda,\nCarlos Urz\u00faa, y por el canciller, Marcelo Ebrard.<br>\n<br>\nEl viceministro japon\u00e9s record\u00f3 que, a pesar de la\nausencia de L\u00f3pez Obrador, el gobernante mexicano enviar\u00e1 al secretario de\nHacienda, y el pa\u00eds anfitri\u00f3n piensa que ello permitir\u00e1 tener con \u00e9l una\n&#8220;discusi\u00f3n constructiva&#8221; en Osaka.<br>\n<br>\nEn su rueda de prensa del 4 de junio, L\u00f3pez\nObrador, tambi\u00e9n l\u00edder del izquierdista Movimiento Regeneraci\u00f3n Nacional\n(Morena), insisti\u00f3 en que encuentros internacionales sobre las desigualdades\n&#8220;s\u00ed son las reuniones que hacen falta&#8221;.<br>\n<br>\n&#8220;Ya basta nada m\u00e1s de estar viendo las cosas\npor encima y de no ir al fondo&#8221;, dijo criticando las cumbres del G20.<br>\n<br>\nEl presidente mexicano se\u00f1al\u00f3 que no quer\u00eda\nasistir a &#8220;una confrontaci\u00f3n directa&#8221; en Osaka, dado que all\u00ed se va a\nhablar de &#8220;la guerra comercial&#8221; entre Estados Unidos y China, seg\u00fan\ndijo.<br>\n<br>\n&#8220;Mi aportaci\u00f3n modesta va a ser que hay que\nreunirse pero para que no haya tanta desigualdad en el mundo, porque esto es lo\nque origina el deterioro del medio ambiente, es lo que origina las migraciones,\nlo que origina la inseguridad y la violencia&#8221;, apunt\u00f3.<br>\n<br>\nAdem\u00e1s de M\u00e9xico, integran el G20 Alemania, Arabia\nSaud\u00ed, Argentina, Australia, Brasil, Canad\u00e1, China, Corea del Sur, Estados\nUnidos, Francia, la India, Indonesia, Italia, Jap\u00f3n, el Reino Unido, Rusia,\nSud\u00e1frica, Turqu\u00eda y la Uni\u00f3n Europea.<br>\n<br>\nEspa\u00f1a es un invitado permanente a ese foro.<\/p>\n","protected":false},"excerpt":{"rendered":"<p>Por Agencia EFE Un funcionario japon\u00e9s de elevado rango muy vinculado con los preparativos de la cumbre del G20 que se celebrar\u00e1 en la ciudad de Osaka calific\u00f3 hoy como &#8220;desafortunada&#8221; la ausencia en esa reuni\u00f3n del presidente de M\u00e9xico, Andr\u00e9s L\u00f3pez Obrador. El pasado 4 de junio, L\u00f3pez Obrador anunci\u00f3 que no acudir\u00eda a [&hellip;]<\/p>\n","protected":false},"author":1,"featured_media":6124,"comment_status":"open","ping_status":"open","sticky":true,"template":"","format":"standard","meta":{"footnotes":""},"categories":[14,4],"tags":[],"_links":{"self":[{"href":"https:\/\/diariodigitalmx.com\/index.php\/wp-json\/wp\/v2\/posts\/6122"}],"collection":[{"href":"https:\/\/diariodigitalmx.com\/index.php\/wp-json\/wp\/v2\/posts"}],"about":[{"href":"https:\/\/diariodigitalmx.com\/index.php\/wp-json\/wp\/v2\/types\/post"}],"author":[{"embeddable":true,"href":"https:\/\/diariodigitalmx.com\/index.php\/wp-json\/wp\/v2\/users\/1"}],"replies":[{"embeddable":true,"href":"https:\/\/diariodigitalmx.com\/index.php\/wp-json\/wp\/v2\/comments?post=6122"}],"version-history":[{"count":1,"href":"https:\/\/diariodigitalmx.com\/index.php\/wp-json\/wp\/v2\/posts\/6122\/revisions"}],"predecessor-version":[{"id":6123,"href":"https:\/\/diariodigitalmx.com\/index.php\/wp-json\/wp\/v2\/posts\/6122\/revisions\/6123"}],"wp:featuredmedia":[{"embeddable":true,"href":"https:\/\/diariodigitalmx.com\/index.php\/wp-json\/wp\/v2\/media\/6124"}],"wp:attachment":[{"href":"https:\/\/diariodigitalmx.com\/index.php\/wp-json\/wp\/v2\/media?parent=6122"}],"wp:term":[{"taxonomy":"category","embeddable":true,"href":"https:\/\/diariodigitalmx.com\/index.php\/wp-json\/wp\/v2\/categories?post=6122"},{"taxonomy":"post_tag","embeddable":true,"href":"https:\/\/diariodigitalmx.com\/index.php\/wp-json\/wp\/v2\/tags?post=6122"}],"curies":[{"name":"wp","href":"https:\/\/api.w.org\/{rel}","templated":true}]}}