{"id":6146,"date":"2019-06-19T14:29:04","date_gmt":"2019-06-19T19:29:04","guid":{"rendered":"http:\/\/diariodigitalmx.com\/?p=6146"},"modified":"2019-10-18T18:20:40","modified_gmt":"2019-10-18T23:20:40","slug":"vendria-apple-a-mexico","status":"publish","type":"post","link":"https:\/\/diariodigitalmx.com\/index.php\/2019\/06\/19\/vendria-apple-a-mexico\/","title":{"rendered":"Vendr\u00eda Apple a M\u00e9xico"},"content":{"rendered":"\n<h3 class=\"wp-block-heading\">*Fuentes aseguraron a Nikkei que este esfuerzo est\u00e1\nimpulsado, en parte, por las tensiones comerciales entre Washington y Pek\u00edn<\/h3>\n\n\n\n<h3 class=\"wp-block-heading\">La firma Apple ha pedido a sus proveedores que estudien la\nposibilidad de trasladar entre el 15 y el 30% de su capacidad de producci\u00f3n\ndesde China hasta pa\u00edses del sudeste asi\u00e1tico y M\u00e9xico, inform\u00f3 hoy el diario\nNikkei.<\/h3>\n\n\n\n<h3 class=\"wp-block-heading\">Varias fuentes conocedoras de estos planes indicaron a Nikkei\nque este esfuerzo est\u00e1 impulsado en parte por las tensiones comerciales entre\nWashington y Pek\u00edn.<br>\n<br>\nPero seg\u00fan el diario, en una nota fechada en Taipei, a\u00fan\ncuando se supere esa guerra comercial Apple proseguir\u00e1 con esos intentos, como\nparte de sus esfuerzos para diversificar su red de proveedores y producci\u00f3n.<\/h3>\n\n\n\n<h3 class=\"wp-block-heading\">Una de las fuentes atribuy\u00f3 la iniciativa a &#8220;una baja\ntasa de natalidad (en China), costes laborales mayores y el riesgo de una\nexcesiva centralizaci\u00f3n&#8221; de su red de proveedores para la fabricaci\u00f3n de\nlos tel\u00e9fonos iPhone, las computadoras port\u00e1tiles, las tabletas iPad y otros\nproductos de esa marca.<\/h3>\n\n\n\n<p><\/p>\n\n\n\n<p>\n\nM\u00e1s del 90 % de los productos que vende Apple est\u00e1n ensamblados en China. El a\u00f1o pasado, los proveedores de Apple en China y Hong Kong superaron a los de Estados Unidos por primera vez (41 frente a 37).<\/p>\n\n\n\n<p>Los pa\u00edses alternativos que est\u00e1n siendo considerados incluyen M\u00e9xico, la India, Vietnam, Indonesia y Malasia. La India y Vietnam est\u00e1n entre los favoritos para la diversificaci\u00f3n en la fabricaci\u00f3n de los tel\u00e9fonos de iPhone, seg\u00fan las fuentes de Nikkei, no identificadas.<\/p>\n\n\n\n<p>Cerca de 5 millones de chinos dependen de la presencia de Apple en ese pa\u00eds y de su red de proveedores. S\u00f3lo en China, la firma tiene unos 10 mil empleados.<\/p>\n\n\n\n<p>Los estudios buscan alternativas a largo plazo y los resultados no aparecer\u00e1n hasta dentro de dos o tres a\u00f1os, seg\u00fan dijo al peri\u00f3dico japon\u00e9s el directivo de uno de los proveedores de Apple.\n\n<\/p>\n","protected":false},"excerpt":{"rendered":"<p>*Fuentes aseguraron a Nikkei que este esfuerzo est\u00e1 impulsado, en parte, por las tensiones comerciales entre Washington y Pek\u00edn La firma Apple ha pedido a sus proveedores que estudien la posibilidad de trasladar entre el 15 y el 30% de su capacidad de producci\u00f3n desde China hasta pa\u00edses del sudeste asi\u00e1tico y M\u00e9xico, inform\u00f3 hoy [&hellip;]<\/p>\n","protected":false},"author":1,"featured_media":6148,"comment_status":"open","ping_status":"open","sticky":true,"template":"","format":"standard","meta":{"footnotes":""},"categories":[10],"tags":[],"_links":{"self":[{"href":"https:\/\/diariodigitalmx.com\/index.php\/wp-json\/wp\/v2\/posts\/6146"}],"collection":[{"href":"https:\/\/diariodigitalmx.com\/index.php\/wp-json\/wp\/v2\/posts"}],"about":[{"href":"https:\/\/diariodigitalmx.com\/index.php\/wp-json\/wp\/v2\/types\/post"}],"author":[{"embeddable":true,"href":"https:\/\/diariodigitalmx.com\/index.php\/wp-json\/wp\/v2\/users\/1"}],"replies":[{"embeddable":true,"href":"https:\/\/diariodigitalmx.com\/index.php\/wp-json\/wp\/v2\/comments?post=6146"}],"version-history":[{"count":2,"href":"https:\/\/diariodigitalmx.com\/index.php\/wp-json\/wp\/v2\/posts\/6146\/revisions"}],"predecessor-version":[{"id":6151,"href":"https:\/\/diariodigitalmx.com\/index.php\/wp-json\/wp\/v2\/posts\/6146\/revisions\/6151"}],"wp:featuredmedia":[{"embeddable":true,"href":"https:\/\/diariodigitalmx.com\/index.php\/wp-json\/wp\/v2\/media\/6148"}],"wp:attachment":[{"href":"https:\/\/diariodigitalmx.com\/index.php\/wp-json\/wp\/v2\/media?parent=6146"}],"wp:term":[{"taxonomy":"category","embeddable":true,"href":"https:\/\/diariodigitalmx.com\/index.php\/wp-json\/wp\/v2\/categories?post=6146"},{"taxonomy":"post_tag","embeddable":true,"href":"https:\/\/diariodigitalmx.com\/index.php\/wp-json\/wp\/v2\/tags?post=6146"}],"curies":[{"name":"wp","href":"https:\/\/api.w.org\/{rel}","templated":true}]}}