{"id":6180,"date":"2019-06-19T18:24:19","date_gmt":"2019-06-19T23:24:19","guid":{"rendered":"http:\/\/diariodigitalmx.com\/?p=6180"},"modified":"2019-06-20T22:08:53","modified_gmt":"2019-06-21T03:08:53","slug":"senado-ratifica-t-mec","status":"publish","type":"post","link":"https:\/\/diariodigitalmx.com\/index.php\/2019\/06\/19\/senado-ratifica-t-mec\/","title":{"rendered":"Senado ratifica T-MEC"},"content":{"rendered":"\n<ul><li>&nbsp;por&nbsp;<a href=\"https:\/\/www.cronica.com.mx\/notas-senado_ratifica_el_t_mec-1122778-2019#\">Alejandro P\u00e1ez<\/a> de La Cr\u00f3nica de Hoy<\/li><li>Seg\u00fan las cl\u00e1usulas del Tratado, el mercado laboral mexicano ser\u00eda el m\u00e1s beneficiado, ya que se fortalecer\u00edan las normas y derechos laborales para mejorar las condiciones y promover salarios m\u00e1s elevados.<\/li><\/ul>\n\n\n\n<figure class=\"wp-block-image\"><img decoding=\"async\" src=\"https:\/\/www.cronica.com.mx\/nimagenes\/1\/2019-06-19_03-06-15___3668.jpg\" alt=\"Senado ratifica el T-MEC | La Cr\u00f3nica de Hoy\"\/><\/figure>\n\n\n\n<p>Entre amagos de aplicaci\u00f3n de aranceles a productos&nbsp;&nbsp;mexicanos por parte del gobierno de Donald Trump, el&nbsp;&nbsp;Senado de la Rep\u00fablica ratific\u00f3 el Tratado Comercial con Estados Unidos y Canad\u00e1 T-MEC por 114 votos a favor, tres abstenciones y cuatro en contra, de los cuales tres de ellos fueron de senadores de Morena y el otro de Emilio Alvarez Icaza.<\/p>\n\n\n\n<p>Este nuevo acuerdo consta de 34 cap\u00edtulos y supervisar\u00e1 un comercio valuado en casi 1.2 billones de d\u00f3lares.<\/p>\n\n\n\n<p>El T-MEC tendr\u00e1 una vigencia de 16 a\u00f1os, pero se revisar\u00e1 cada seis. Si las partes deciden renovarlo estar\u00eda vigente por otros 16 a\u00f1os m\u00e1s. Pero, si hay un problema, los tres pa\u00edses tendr\u00e1n otros 10 a\u00f1os para negociar y resolver las diferencias antes de que el tratado expire.<\/p>\n\n\n\n<p>Entre las metas del tratado est\u00e1 que m\u00e1s autos y autopartes sean de manufactura estadounidense&nbsp;a&nbsp;partir de 2020. Para que un veh\u00edculo reciba tarifa cero, deber\u00e1 contar con al menos 75 por ciento de componentes hechos en Canad\u00e1, M\u00e9xico o Estados Unidos.<\/p>\n\n\n\n<p>La manufactura de estos autos deber\u00e1 realizarse por trabajadores que como m\u00ednimo ganen 16 d\u00f3lares por hora.<\/p>\n\n\n\n<p>En el acuerdo hay un apartado que permitir\u00e1 a los tres pa\u00edses apelar a medidas antidumping y subsidios que alguno de ellos imponga frente a un panel integrado por representantes de las tres naciones.<\/p>\n\n\n\n<p>El Tratado se envi\u00f3 al Ejecutivo Federal.<\/p>\n\n\n\n<p>En EU, una vez que el T-MEC llegue a la C\u00e1mara de Representantes, se cuenta con 60 d\u00edas para estudiarlo y emitir un voto; despu\u00e9s, el acuerdo se env\u00eda al Senado en donde se realizar\u00eda el mismo proceso, pero en un periodo de 30 d\u00edas.<\/p>\n\n\n\n<p>H\u00e9ctor Vasconcelos, senador Morena, presidente de la Comisi\u00f3n de Relaciones Exteriores asever\u00f3 que cada uno los pa\u00edses participes en el Tratado encontrar\u00e1n ventajas, adem\u00e1s de que sus intereses esenciales estar\u00e1n resguardados.<\/p>\n\n\n\n<p>\u201cEste Tratado otorga certidumbre y estabilidad a los flujos comerciales y de inversi\u00f3n. Profundiza la integraci\u00f3n econ\u00f3mica y la competitividad de la regi\u00f3n. Integra nuevos cap\u00edtulos en diferentes materias, como derechos laborales, comercio digital, anticorrupci\u00f3n, peque\u00f1as y medianas empresas y, medio ambiente. Establece un mecanismo de revisi\u00f3n y extensi\u00f3n del Tratado con la finalidad de adecuarlo a los retos que enfrentar\u00e1 la regi\u00f3n\u201d.<\/p>\n\n\n\n<p>Con este acuerdo los sectores mayormente beneficiados ser\u00e1n el automotriz, el agropecuario, el de la propiedad intelectual, el comercio electr\u00f3nico, el laboral y el&nbsp;comercio de servicios transfronterizos.<\/p>\n\n\n\n<p>Seg\u00fan las cl\u00e1usulas del Tratado, el mercado laboral mexicano ser\u00eda el m\u00e1s beneficiado, ya que se fortalecer\u00edan las normas y derechos laborales para mejorar las condiciones y promover salarios m\u00e1s elevados.<\/p>\n\n\n\n<p>La senadora del PAN, Gina Cruz Blackledge, presidenta de la Comisi\u00f3n de Relaciones Exteriores Am\u00e9rica del Norte, se\u00f1al\u00f3 que con el T-MEC las condiciones de competencia en la regi\u00f3n de Am\u00e9rica del Norte ser\u00e1n justas.<\/p>\n\n\n\n<p>\u201cEl nuevo Acuerdo Comercial con Estados Unidos y Canad\u00e1 se da un contexto complejo de tendencia al aislamiento y al proteccionismo&nbsp;(\u2026) Estamos en mundo en el que la integraci\u00f3n comercial es irreversible, tratar de regresar a econom\u00edas cerradas o entrar en guerras comerciales son pr\u00e1cticas est\u00e9riles que perjudican a las naciones, limitan sus posibilidades de crecimiento y afectan el futuro de sus ciudadanos, por lo que la aprobaci\u00f3n del nuevo tratado, mejor conocido como T-MEC, es una se\u00f1al clara que damos al mundo, de que el camino correcto para las econom\u00edas del presente es la de la mayor integraci\u00f3n comercial y la competitividad internacional\u201d.<\/p>\n\n\n\n<p>Ver\u00f3nica Mart\u00ednez, senadora del PRI e integrante de la Comisi\u00f3n de Econom\u00eda, destac\u00f3 que M\u00e9xico env\u00eda un mensaje de certidumbre y se declara listo para lo que venga en materia comercial en la regi\u00f3n de Am\u00e9rica del Norte.<\/p>\n\n\n\n<p>Las expectativas estiman que las ventas de M\u00e9xico a Estados Unidos ser\u00e1 una de las \u00e1reas m\u00e1s favorecidas. Se prev\u00e9 que \u00e9stas que se eleven en 3.8 por ciento, mientras que las exportaciones de la Uni\u00f3n Americana al pa\u00eds crecer\u00e1n 6.7 por ciento.<\/p>\n\n\n\n<p>Esto equivale a un incremento superior a los 26 mil millones de d\u00f3lares gracias al intercambio entre ambas naciones.<\/p>\n\n\n\n<p>Los senadores de Morena y la oposici\u00f3n coincidieron que con el T-MEC se impulsar\u00e1 el crecimiento econ\u00f3mico incluyente en los pa\u00edses, pues se atender\u00e1n las necesidades de las mayor\u00edas y se ofrecer\u00e1 el bienestar que requieren.<\/p>\n\n\n\n<p>Cabe se\u00f1alar que los votos en contra de este tratado comercial fueron emitidos por legisladores principalmente de Morena, Ana Lilia Rivera, Jesusa Rodr\u00edguez, Nestora Salgado y Emilio \u00c1lvarez Icaza. Las 3 abstenciones fueron de Blanca Estela Pi\u00f1a, V\u00edctor Fuentes y Martha Cecilia M\u00e1rquez.<\/p>\n","protected":false},"excerpt":{"rendered":"<p>&nbsp;por&nbsp;Alejandro P\u00e1ez de La Cr\u00f3nica de Hoy Seg\u00fan las cl\u00e1usulas del Tratado, el mercado laboral mexicano ser\u00eda el m\u00e1s beneficiado, ya que se fortalecer\u00edan las normas y derechos laborales para mejorar las condiciones y promover salarios m\u00e1s elevados. Entre amagos de aplicaci\u00f3n de aranceles a productos&nbsp;&nbsp;mexicanos por parte del gobierno de Donald Trump, el&nbsp;&nbsp;Senado de [&hellip;]<\/p>\n","protected":false},"author":1,"featured_media":6183,"comment_status":"open","ping_status":"open","sticky":true,"template":"","format":"standard","meta":{"footnotes":""},"categories":[2],"tags":[],"_links":{"self":[{"href":"https:\/\/diariodigitalmx.com\/index.php\/wp-json\/wp\/v2\/posts\/6180"}],"collection":[{"href":"https:\/\/diariodigitalmx.com\/index.php\/wp-json\/wp\/v2\/posts"}],"about":[{"href":"https:\/\/diariodigitalmx.com\/index.php\/wp-json\/wp\/v2\/types\/post"}],"author":[{"embeddable":true,"href":"https:\/\/diariodigitalmx.com\/index.php\/wp-json\/wp\/v2\/users\/1"}],"replies":[{"embeddable":true,"href":"https:\/\/diariodigitalmx.com\/index.php\/wp-json\/wp\/v2\/comments?post=6180"}],"version-history":[{"count":3,"href":"https:\/\/diariodigitalmx.com\/index.php\/wp-json\/wp\/v2\/posts\/6180\/revisions"}],"predecessor-version":[{"id":6184,"href":"https:\/\/diariodigitalmx.com\/index.php\/wp-json\/wp\/v2\/posts\/6180\/revisions\/6184"}],"wp:featuredmedia":[{"embeddable":true,"href":"https:\/\/diariodigitalmx.com\/index.php\/wp-json\/wp\/v2\/media\/6183"}],"wp:attachment":[{"href":"https:\/\/diariodigitalmx.com\/index.php\/wp-json\/wp\/v2\/media?parent=6180"}],"wp:term":[{"taxonomy":"category","embeddable":true,"href":"https:\/\/diariodigitalmx.com\/index.php\/wp-json\/wp\/v2\/categories?post=6180"},{"taxonomy":"post_tag","embeddable":true,"href":"https:\/\/diariodigitalmx.com\/index.php\/wp-json\/wp\/v2\/tags?post=6180"}],"curies":[{"name":"wp","href":"https:\/\/api.w.org\/{rel}","templated":true}]}}