{"id":6219,"date":"2019-06-20T06:16:57","date_gmt":"2019-06-20T11:16:57","guid":{"rendered":"http:\/\/diariodigitalmx.com\/?p=6219"},"modified":"2019-10-18T18:18:38","modified_gmt":"2019-10-18T23:18:38","slug":"venezolanos-lideres-en-peticion-de-asilo","status":"publish","type":"post","link":"https:\/\/diariodigitalmx.com\/index.php\/2019\/06\/20\/venezolanos-lideres-en-peticion-de-asilo\/","title":{"rendered":"Venezolanos l\u00edderes en petici\u00f3n de asilo"},"content":{"rendered":"\n<p>Por primera vez, supera a pa\u00edses en conflicto b\u00e9lico. En 2018, salieron 341 mil 800. \u201cNo hay en el mundo un grupo tan grande de personas que se haya visto forzado a salir de su naci\u00f3n sin que haya una guerra o una cat\u00e1strofe\u201d<\/p>\n\n\n\n<figure class=\"wp-block-image\"><img decoding=\"async\" src=\"https:\/\/www.cronica.com.mx\/nimagenes\/3\/2019-06-19_09-06-58___8833.jpg\" alt=\"Venezolanos superan a sirios  y afganos en petici\u00f3n de asilo | La Cr\u00f3nica de Hoy\"\/><\/figure>\n\n\n\n<p>El r\u00e9gimen de Nicol\u00e1s Maduro puede anotarse ya una nueva medalla de la verg\u00fcenza: la de ser el primer pa\u00eds del mundo en petici\u00f3n de asilo, por encima de pa\u00edses en guerra. Es la primera vez que esto sucede. Las 341 mil 800 personas del pa\u00eds petrolero que el a\u00f1o pasado pidieron protecci\u00f3n internacional superaron en n\u00famero \u2014con gran diferencia\u2014 a afganos y sirios, los siguientes en esa clasificaci\u00f3n y procedentes de pa\u00edses en conflicto.<\/p>\n\n\n\n<p>El informe de&nbsp;<em>Tendencias globales de 2018<\/em>&nbsp;que ayer public\u00f3 Acnur, la agencia de la ONU para los refugiados, califica la situaci\u00f3n de los venezolanos que huyen como \u201cel mayor \u00e9xodo de la historia reciente en la regi\u00f3n (Am\u00e9rica del Sur) y una de las mayores crisis de desplazamiento en el mundo\u201d.<\/p>\n\n\n\n<p>Hacia los 5 millones. A finales del a\u00f1o pasado hab\u00eda tres millones de venezolanos que hab\u00edan huido del pa\u00eds, sobre todo desde 2015, dos a\u00f1os despu\u00e9s de la llegada al poder de Nicol\u00e1s Maduro. Pero ya en junio de este a\u00f1o la ONU inform\u00f3 que la cifra ahora alcanza los cuatro millones.<\/p>\n\n\n\n<p>Los venezolanos salen de su pa\u00eds a un ritmo de cinco mil personas al d\u00eda, y el informe estima que, de continuar as\u00ed, llegar\u00e1n a los cinco millones en el extranjero a finales de 2019. \u201cNo hay en el mundo un grupo tan grande de personas que se haya visto forzado a salir de su pa\u00eds sin que haya una guerra o una cat\u00e1strofe\u201d, explica por tel\u00e9fono William Spindler, portavoz de Acnur para Am\u00e9rica Latina. La mayor\u00eda de ellos est\u00e1n en los pa\u00edses vecinos, sobre todo en Colombia (donde viven 1.1 millones) y en Per\u00fa (428 mil 200).<\/p>\n\n\n\n<p>\u201cAL no est\u00e1 preparada\u201d. \u201cAm\u00e9rica Latina no estaba preparada para esta llegada masiva de personas\u201d, afirma Spindler. S\u00f3lo 21 mil venezolanos han sido reconocidos como refugiados en la regi\u00f3n hasta la fecha, y de esos tres millones que hab\u00eda en el exterior en 2018, s\u00f3lo hab\u00edan pedido asilo 460 mil. Esto se debe, en parte, a que los servicios para tramitar las solicitudes se ven sobrepasados en la regi\u00f3n, y adem\u00e1s, como explica Spindler, se trata de procedimientos lentos \u201cpor lo que en algunos pa\u00edses, como Colombia, les es m\u00e1s beneficioso y r\u00e1pido obtener un permiso de residencia\u201d que pedir asilo.<\/p>\n\n\n\n<p><strong>Maduro \u201climpia\u201d c\u00e1rceles para contentar a Bachelet<\/strong><\/p>\n\n\n\n<p>La alta comisionada de la ONU para los Derechos Humanos, Michelle Bachelet, lleg\u00f3 por fin a Venezuela para una visita de trabajo que la mantendr\u00e1 en el pa\u00eds hasta ma\u00f1ana viernes y en la que espera reunirse con el presidente Nicol\u00e1s Maduro y con el autoproclamado presidente Juan Guaid\u00f3, as\u00ed como con v\u00edctimas de violaciones de los derechos fundamentales.<\/p>\n\n\n\n<p>A la vez que Maduro saludaba la llegada de la expresidenta chilena y se mostraba \u201cdispuesto a escuchar recomendaciones\u201d, se filtraba la llamada \u201cOperaci\u00f3n Bachelet\u201d, consistente en adecentar los lugares que va a visitar, desde c\u00e1rceles hasta el temible Helicoide, el edificio que usa el servicio de inteligencia (Sebin) para \u201cinterrogar\u201d a los opositores al r\u00e9gimen.<\/p>\n\n\n\n<p>Los presos fueron revisados m\u00e9dicamente y limpiadas sus celdas y zonas de comunes. Asimismo, un n\u00famero sin detallar de reos fue puesto en libertad.<a><\/a><a><\/a><a><\/a><\/p>\n","protected":false},"excerpt":{"rendered":"<p>Por primera vez, supera a pa\u00edses en conflicto b\u00e9lico. En 2018, salieron 341 mil 800. \u201cNo hay en el mundo un grupo tan grande de personas que se haya visto forzado a salir de su naci\u00f3n sin que haya una guerra o una cat\u00e1strofe\u201d El r\u00e9gimen de Nicol\u00e1s Maduro puede anotarse ya una nueva medalla [&hellip;]<\/p>\n","protected":false},"author":1,"featured_media":6222,"comment_status":"open","ping_status":"open","sticky":true,"template":"","format":"standard","meta":{"footnotes":""},"categories":[4],"tags":[],"_links":{"self":[{"href":"https:\/\/diariodigitalmx.com\/index.php\/wp-json\/wp\/v2\/posts\/6219"}],"collection":[{"href":"https:\/\/diariodigitalmx.com\/index.php\/wp-json\/wp\/v2\/posts"}],"about":[{"href":"https:\/\/diariodigitalmx.com\/index.php\/wp-json\/wp\/v2\/types\/post"}],"author":[{"embeddable":true,"href":"https:\/\/diariodigitalmx.com\/index.php\/wp-json\/wp\/v2\/users\/1"}],"replies":[{"embeddable":true,"href":"https:\/\/diariodigitalmx.com\/index.php\/wp-json\/wp\/v2\/comments?post=6219"}],"version-history":[{"count":1,"href":"https:\/\/diariodigitalmx.com\/index.php\/wp-json\/wp\/v2\/posts\/6219\/revisions"}],"predecessor-version":[{"id":6220,"href":"https:\/\/diariodigitalmx.com\/index.php\/wp-json\/wp\/v2\/posts\/6219\/revisions\/6220"}],"wp:featuredmedia":[{"embeddable":true,"href":"https:\/\/diariodigitalmx.com\/index.php\/wp-json\/wp\/v2\/media\/6222"}],"wp:attachment":[{"href":"https:\/\/diariodigitalmx.com\/index.php\/wp-json\/wp\/v2\/media?parent=6219"}],"wp:term":[{"taxonomy":"category","embeddable":true,"href":"https:\/\/diariodigitalmx.com\/index.php\/wp-json\/wp\/v2\/categories?post=6219"},{"taxonomy":"post_tag","embeddable":true,"href":"https:\/\/diariodigitalmx.com\/index.php\/wp-json\/wp\/v2\/tags?post=6219"}],"curies":[{"name":"wp","href":"https:\/\/api.w.org\/{rel}","templated":true}]}}