{"id":6229,"date":"2019-06-20T13:39:50","date_gmt":"2019-06-20T18:39:50","guid":{"rendered":"http:\/\/diariodigitalmx.com\/?p=6229"},"modified":"2019-06-20T13:39:51","modified_gmt":"2019-06-20T18:39:51","slug":"apoya-ue-que-se-desarrolle-centroamerica","status":"publish","type":"post","link":"https:\/\/diariodigitalmx.com\/index.php\/2019\/06\/20\/apoya-ue-que-se-desarrolle-centroamerica\/","title":{"rendered":"Apoya UE que se desarrolle Centroam\u00e9rica"},"content":{"rendered":"\n<p>\n\nLa Uni\u00f3n Europea (UE) elogi\u00f3 este jueves el plan de desarrollo integral de El Salvador, Guatemala, Honduras y M\u00e9xico, y se ofreci\u00f3 a prestar su ayuda para apoyar acciones dentro de esa estrategia.<\/p>\n\n\n\n<p>&#8220;Tal y como ha propuesto recientemente la Comisi\u00f3n Econ\u00f3mica para Am\u00e9rica Latina y el Caribe de la ONU (CEPAL) y en manos de la Administraci\u00f3n mexicana, (el plan) representa una excelente oportunidad para reforzar la cooperaci\u00f3n bilateral y regional&#8221;, indic\u00f3 la alta representante de la UE para la Pol\u00edtica Exterior, Federica Mogherini, en una declaraci\u00f3n en nombre de los Veintiocho.<\/p>\n\n\n\n<p>La jefa de la diplomacia comunitaria afirm\u00f3 que los objetivos principales del plan, como la promoci\u00f3n del crecimiento inclusivo a trav\u00e9s del desarrollo econ\u00f3mico, la cohesi\u00f3n social y la sostenibilidad medioambiental, &#8220;est\u00e1n totalmente en l\u00ednea con la acci\u00f3n y prioridades de la UE para la regi\u00f3n&#8221;.<\/p>\n\n\n\n<p>Entre ellas destac\u00f3 la modernizaci\u00f3n en curso del acuerdo global UE-M\u00e9xico, que promover\u00e1 la cooperaci\u00f3n regional y triangular, as\u00ed como con las prioridades identificadas en el acuerdo de asociaci\u00f3n UE-Centroam\u00e9rica, destac\u00f3.<\/p>\n\n\n\n<p>&#8220;La UE est\u00e1 dispuesta a apoyar a M\u00e9xico y los pa\u00edses en Am\u00e9rica Central para desarrollar m\u00e1s acciones en las \u00e1reas cubiertas por el plan de desarrollo integral&#8221;, concluy\u00f3 la pol\u00edtica italiana.<\/p>\n\n\n\n<p>Seg\u00fan Mogherini, la UE apoya &#8220;el desarrollo del plan en amplias consultas con los socios locales y la sociedad civil y teniendo en cuenta los objetivos de desarrollo de estos pa\u00edses&#8221;.<\/p>\n\n\n\n<p>La CEPAL present\u00f3 en mayo el plan, basado en grandes pilares como el desarrollo econ\u00f3mico, el bienestar social, la sostenibilidad ambiental y los derechos y seguridad de las personas.<\/p>\n\n\n\n<p>La propuesta tambi\u00e9n se enfoca en la seguridad humana y los derechos humanos de migrantes.<\/p>\n\n\n\n<p>Entre las recomendaciones para los Estados de la regi\u00f3n figura elevar la inversi\u00f3n al menos a una meta del 25 %, eliminar los privilegios fiscales, subir la recaudaci\u00f3n o destinar recursos a la inversi\u00f3n p\u00fablica y el gasto social.\n\n<\/p>\n","protected":false},"excerpt":{"rendered":"<p>La Uni\u00f3n Europea (UE) elogi\u00f3 este jueves el plan de desarrollo integral de El Salvador, Guatemala, Honduras y M\u00e9xico, y se ofreci\u00f3 a prestar su ayuda para apoyar acciones dentro de esa estrategia. &#8220;Tal y como ha propuesto recientemente la Comisi\u00f3n Econ\u00f3mica para Am\u00e9rica Latina y el Caribe de la ONU (CEPAL) y en manos [&hellip;]<\/p>\n","protected":false},"author":1,"featured_media":6231,"comment_status":"open","ping_status":"open","sticky":true,"template":"","format":"standard","meta":{"footnotes":""},"categories":[14,4],"tags":[],"_links":{"self":[{"href":"https:\/\/diariodigitalmx.com\/index.php\/wp-json\/wp\/v2\/posts\/6229"}],"collection":[{"href":"https:\/\/diariodigitalmx.com\/index.php\/wp-json\/wp\/v2\/posts"}],"about":[{"href":"https:\/\/diariodigitalmx.com\/index.php\/wp-json\/wp\/v2\/types\/post"}],"author":[{"embeddable":true,"href":"https:\/\/diariodigitalmx.com\/index.php\/wp-json\/wp\/v2\/users\/1"}],"replies":[{"embeddable":true,"href":"https:\/\/diariodigitalmx.com\/index.php\/wp-json\/wp\/v2\/comments?post=6229"}],"version-history":[{"count":1,"href":"https:\/\/diariodigitalmx.com\/index.php\/wp-json\/wp\/v2\/posts\/6229\/revisions"}],"predecessor-version":[{"id":6230,"href":"https:\/\/diariodigitalmx.com\/index.php\/wp-json\/wp\/v2\/posts\/6229\/revisions\/6230"}],"wp:featuredmedia":[{"embeddable":true,"href":"https:\/\/diariodigitalmx.com\/index.php\/wp-json\/wp\/v2\/media\/6231"}],"wp:attachment":[{"href":"https:\/\/diariodigitalmx.com\/index.php\/wp-json\/wp\/v2\/media?parent=6229"}],"wp:term":[{"taxonomy":"category","embeddable":true,"href":"https:\/\/diariodigitalmx.com\/index.php\/wp-json\/wp\/v2\/categories?post=6229"},{"taxonomy":"post_tag","embeddable":true,"href":"https:\/\/diariodigitalmx.com\/index.php\/wp-json\/wp\/v2\/tags?post=6229"}],"curies":[{"name":"wp","href":"https:\/\/api.w.org\/{rel}","templated":true}]}}