{"id":6259,"date":"2019-06-21T12:22:45","date_gmt":"2019-06-21T17:22:45","guid":{"rendered":"http:\/\/diariodigitalmx.com\/?p=6259"},"modified":"2019-10-18T18:14:09","modified_gmt":"2019-10-18T23:14:09","slug":"trump-ordeno-atacar-iran-despues-lo-cancelo","status":"publish","type":"post","link":"https:\/\/diariodigitalmx.com\/index.php\/2019\/06\/21\/trump-ordeno-atacar-iran-despues-lo-cancelo\/","title":{"rendered":"Trump orden\u00f3 atacar Ir\u00e1n; despu\u00e9s lo cancel\u00f3"},"content":{"rendered":"\n<p>El presidente de EU, Donald Trump, confirm\u00f3 que orden\u00f3 un ataque contra Ir\u00e1n en represalia por el derribo de un dron estadounidense por parte de ese pa\u00eds, pero que despu\u00e9s suspendi\u00f3 la orden para evitar v\u00edctimas.<\/p>\n\n\n\n<p>&#8220;Nos dispusimos a tomar\nrepresalias anoche en tres lugares diferentes (de Ir\u00e1n y) cuando pregunt\u00e9\ncu\u00e1ntos morir\u00e1n: 150 personas, se\u00f1or, fue la respuesta de un general. Diez\nminutos antes del ataque lo detuve&#8221;, dijo el gobernante en su cuenta de\nTwitter.<br>\n<br>\nEn este mensaje, Trump confirm\u00f3 as\u00ed una\ninformaci\u00f3n divulgada la pasada madrugada por el diario The New York Times\nsobre una operaci\u00f3n militar contra posiciones de radares y bater\u00edas de misiles\niran\u00edes.<\/p>\n","protected":false},"excerpt":{"rendered":"<p>El presidente de EU, Donald Trump, confirm\u00f3 que orden\u00f3 un ataque contra Ir\u00e1n en represalia por el derribo de un dron estadounidense por parte de ese pa\u00eds, pero que despu\u00e9s suspendi\u00f3 la orden para evitar v\u00edctimas. &#8220;Nos dispusimos a tomar represalias anoche en tres lugares diferentes (de Ir\u00e1n y) cuando pregunt\u00e9 cu\u00e1ntos morir\u00e1n: 150 personas, [&hellip;]<\/p>\n","protected":false},"author":1,"featured_media":6261,"comment_status":"open","ping_status":"open","sticky":true,"template":"","format":"standard","meta":{"footnotes":""},"categories":[4],"tags":[],"_links":{"self":[{"href":"https:\/\/diariodigitalmx.com\/index.php\/wp-json\/wp\/v2\/posts\/6259"}],"collection":[{"href":"https:\/\/diariodigitalmx.com\/index.php\/wp-json\/wp\/v2\/posts"}],"about":[{"href":"https:\/\/diariodigitalmx.com\/index.php\/wp-json\/wp\/v2\/types\/post"}],"author":[{"embeddable":true,"href":"https:\/\/diariodigitalmx.com\/index.php\/wp-json\/wp\/v2\/users\/1"}],"replies":[{"embeddable":true,"href":"https:\/\/diariodigitalmx.com\/index.php\/wp-json\/wp\/v2\/comments?post=6259"}],"version-history":[{"count":1,"href":"https:\/\/diariodigitalmx.com\/index.php\/wp-json\/wp\/v2\/posts\/6259\/revisions"}],"predecessor-version":[{"id":6260,"href":"https:\/\/diariodigitalmx.com\/index.php\/wp-json\/wp\/v2\/posts\/6259\/revisions\/6260"}],"wp:featuredmedia":[{"embeddable":true,"href":"https:\/\/diariodigitalmx.com\/index.php\/wp-json\/wp\/v2\/media\/6261"}],"wp:attachment":[{"href":"https:\/\/diariodigitalmx.com\/index.php\/wp-json\/wp\/v2\/media?parent=6259"}],"wp:term":[{"taxonomy":"category","embeddable":true,"href":"https:\/\/diariodigitalmx.com\/index.php\/wp-json\/wp\/v2\/categories?post=6259"},{"taxonomy":"post_tag","embeddable":true,"href":"https:\/\/diariodigitalmx.com\/index.php\/wp-json\/wp\/v2\/tags?post=6259"}],"curies":[{"name":"wp","href":"https:\/\/api.w.org\/{rel}","templated":true}]}}