{"id":6297,"date":"2019-06-22T11:21:20","date_gmt":"2019-06-22T16:21:20","guid":{"rendered":"http:\/\/diariodigitalmx.com\/?p=6297"},"modified":"2019-06-22T11:30:09","modified_gmt":"2019-06-22T16:30:09","slug":"la-colonia-obrera-simbolo-del-trabajo-regio-recibio-a-las-brigadas-de-las-asociaciones-vecinales","status":"publish","type":"post","link":"https:\/\/diariodigitalmx.com\/index.php\/2019\/06\/22\/la-colonia-obrera-simbolo-del-trabajo-regio-recibio-a-las-brigadas-de-las-asociaciones-vecinales\/","title":{"rendered":"La Colonia Obrera, s\u00edmbolo del trabajo regio, recibi\u00f3 a las brigadas de las Asociaciones Vecinales"},"content":{"rendered":"\n<p>Fotos de Yaneth Alonso<\/p>\n\n\n\n<p>Ahora toc\u00f3 a la legendaria e ic\u00f3nica Colonia Obrera, de Monterrey, que las brigadas de las Asociaciones Vecinales interactuaran con las familias que vivieron momentos especiales.<\/p>\n\n\n\n<ul class=\"wp-block-gallery columns-1 is-cropped wp-block-gallery-1 is-layout-flex wp-block-gallery-is-layout-flex\"><li class=\"blocks-gallery-item\"><figure><img loading=\"lazy\" decoding=\"async\" width=\"768\" height=\"1024\" src=\"http:\/\/diariodigitalmx.com\/wp-content\/uploads\/2019\/06\/IMG-20190621-WA0029-768x1024.jpg\" alt=\"\" data-id=\"6301\" data-link=\"http:\/\/diariodigitalmx.com\/index.php\/2019\/06\/22\/la-colonia-obrera-simbolo-del-trabajo-regio-recibio-a-las-brigadas-de-las-asociaciones-vecinales\/img-20190621-wa0029\/\" class=\"wp-image-6301\" srcset=\"https:\/\/diariodigitalmx.com\/wp-content\/uploads\/2019\/06\/IMG-20190621-WA0029-768x1024.jpg 768w, https:\/\/diariodigitalmx.com\/wp-content\/uploads\/2019\/06\/IMG-20190621-WA0029-225x300.jpg 225w, https:\/\/diariodigitalmx.com\/wp-content\/uploads\/2019\/06\/IMG-20190621-WA0029.jpg 864w\" sizes=\"(max-width: 768px) 100vw, 768px\" \/><\/figure><\/li><\/ul>\n\n\n\n<p>Como es costumbre, a petici\u00f3n de los vecinos se llevaron los servicios profesionales de m\u00e9dicos, odont\u00f3logos, pod\u00f3logos, optometristas, psic\u00f3logos, abogados, estilistas y asesores en general.<\/p>\n\n\n\n<p><br><\/p>\n\n\n\n<ul class=\"wp-block-gallery columns-1 is-cropped wp-block-gallery-2 is-layout-flex wp-block-gallery-is-layout-flex\"><li class=\"blocks-gallery-item\"><figure><img loading=\"lazy\" decoding=\"async\" width=\"768\" height=\"1024\" src=\"http:\/\/diariodigitalmx.com\/wp-content\/uploads\/2019\/06\/IMG-20190621-WA0051-768x1024.jpg\" alt=\"\" data-id=\"6304\" data-link=\"http:\/\/diariodigitalmx.com\/index.php\/2019\/06\/22\/la-colonia-obrera-simbolo-del-trabajo-regio-recibio-a-las-brigadas-de-las-asociaciones-vecinales\/img-20190621-wa0051\/\" class=\"wp-image-6304\" srcset=\"https:\/\/diariodigitalmx.com\/wp-content\/uploads\/2019\/06\/IMG-20190621-WA0051-768x1024.jpg 768w, https:\/\/diariodigitalmx.com\/wp-content\/uploads\/2019\/06\/IMG-20190621-WA0051-225x300.jpg 225w, https:\/\/diariodigitalmx.com\/wp-content\/uploads\/2019\/06\/IMG-20190621-WA0051.jpg 864w\" sizes=\"(max-width: 768px) 100vw, 768px\" \/><\/figure><\/li><\/ul>\n\n\n\n<p>&#8220;Est\u00e1s brigadas, estos eventos son ya parte esencial de nuestra responsabilidad social en la Federaci\u00f3n Revolucionaria de Obreros y Campesinos (FROC), que encabeza como l\u00edder Carlos Alberto Serna de Le\u00f3n&#8221;, dice Osvaldo Serna Serv\u00edn, dirigente de la Asociaciones Vecinales en la entidad y secretario general de la Federaci\u00f3n Estatal de Sindicatos de Trabajadores del Autotransporte.<\/p>\n\n\n\n<p><br><\/p>\n\n\n\n<figure class=\"wp-block-image\"><img loading=\"lazy\" decoding=\"async\" width=\"1024\" height=\"768\" src=\"http:\/\/diariodigitalmx.com\/wp-content\/uploads\/2019\/06\/IMG-20190621-WA0068-1024x768.jpg\" alt=\"\" class=\"wp-image-6307\" srcset=\"https:\/\/diariodigitalmx.com\/wp-content\/uploads\/2019\/06\/IMG-20190621-WA0068-1024x768.jpg 1024w, https:\/\/diariodigitalmx.com\/wp-content\/uploads\/2019\/06\/IMG-20190621-WA0068-300x225.jpg 300w, https:\/\/diariodigitalmx.com\/wp-content\/uploads\/2019\/06\/IMG-20190621-WA0068-768x576.jpg 768w, https:\/\/diariodigitalmx.com\/wp-content\/uploads\/2019\/06\/IMG-20190621-WA0068.jpg 1152w\" sizes=\"(max-width: 1024px) 100vw, 1024px\" \/><\/figure>\n\n\n\n<p>La coordinadora de la Asociaci\u00f3n Vecinal de la colonia Obrera, Claudia Veloz, agradeci\u00f3 a Serna Serv\u00edn y al equipo de trabajo de profesionistas que cumplen una misi\u00f3n de responsabilidad social para mejorar la calidad de vida de las familias y el entorno vecinal.<\/p>\n\n\n\n<p><br><\/p>\n\n\n\n<ul class=\"wp-block-gallery columns-1 is-cropped wp-block-gallery-3 is-layout-flex wp-block-gallery-is-layout-flex\"><li class=\"blocks-gallery-item\"><figure><img loading=\"lazy\" decoding=\"async\" width=\"768\" height=\"1024\" src=\"http:\/\/diariodigitalmx.com\/wp-content\/uploads\/2019\/06\/IMG-20190621-WA0074-768x1024.jpg\" alt=\"\" data-id=\"6310\" data-link=\"http:\/\/diariodigitalmx.com\/index.php\/2019\/06\/22\/la-colonia-obrera-simbolo-del-trabajo-regio-recibio-a-las-brigadas-de-las-asociaciones-vecinales\/img-20190621-wa0074\/\" class=\"wp-image-6310\" srcset=\"https:\/\/diariodigitalmx.com\/wp-content\/uploads\/2019\/06\/IMG-20190621-WA0074-768x1024.jpg 768w, https:\/\/diariodigitalmx.com\/wp-content\/uploads\/2019\/06\/IMG-20190621-WA0074-225x300.jpg 225w, https:\/\/diariodigitalmx.com\/wp-content\/uploads\/2019\/06\/IMG-20190621-WA0074.jpg 864w\" sizes=\"(max-width: 768px) 100vw, 768px\" \/><\/figure><\/li><\/ul>\n\n\n\n<p>Menci\u00f3n especial reciben quienes realizan la log\u00edstica del evento adem\u00e1s de los profesionistas que contribuyen con sus conocimientos a solucionar los peque\u00f1os grandes problemas de la comunidad.<\/p>\n\n\n\n<p><\/p>\n\n\n\n<ul class=\"wp-block-gallery columns-3 is-cropped wp-block-gallery-4 is-layout-flex wp-block-gallery-is-layout-flex\"><li class=\"blocks-gallery-item\"><figure><img loading=\"lazy\" decoding=\"async\" width=\"768\" height=\"1024\" src=\"http:\/\/diariodigitalmx.com\/wp-content\/uploads\/2019\/06\/IMG-20190621-WA0039-768x1024.jpg\" alt=\"\" data-id=\"6313\" data-link=\"http:\/\/diariodigitalmx.com\/index.php\/2019\/06\/22\/la-colonia-obrera-simbolo-del-trabajo-regio-recibio-a-las-brigadas-de-las-asociaciones-vecinales\/img-20190621-wa0039\/\" class=\"wp-image-6313\" srcset=\"https:\/\/diariodigitalmx.com\/wp-content\/uploads\/2019\/06\/IMG-20190621-WA0039-768x1024.jpg 768w, https:\/\/diariodigitalmx.com\/wp-content\/uploads\/2019\/06\/IMG-20190621-WA0039-225x300.jpg 225w, https:\/\/diariodigitalmx.com\/wp-content\/uploads\/2019\/06\/IMG-20190621-WA0039.jpg 864w\" sizes=\"(max-width: 768px) 100vw, 768px\" \/><\/figure><\/li><li class=\"blocks-gallery-item\"><figure><img loading=\"lazy\" decoding=\"async\" width=\"768\" height=\"1024\" src=\"http:\/\/diariodigitalmx.com\/wp-content\/uploads\/2019\/06\/IMG-20190621-WA0043-768x1024.jpg\" alt=\"\" data-id=\"6314\" data-link=\"http:\/\/diariodigitalmx.com\/index.php\/2019\/06\/22\/la-colonia-obrera-simbolo-del-trabajo-regio-recibio-a-las-brigadas-de-las-asociaciones-vecinales\/img-20190621-wa0043\/\" class=\"wp-image-6314\" srcset=\"https:\/\/diariodigitalmx.com\/wp-content\/uploads\/2019\/06\/IMG-20190621-WA0043-768x1024.jpg 768w, https:\/\/diariodigitalmx.com\/wp-content\/uploads\/2019\/06\/IMG-20190621-WA0043-225x300.jpg 225w, https:\/\/diariodigitalmx.com\/wp-content\/uploads\/2019\/06\/IMG-20190621-WA0043.jpg 864w\" sizes=\"(max-width: 768px) 100vw, 768px\" \/><\/figure><\/li><li class=\"blocks-gallery-item\"><figure><img loading=\"lazy\" decoding=\"async\" width=\"768\" height=\"1024\" src=\"http:\/\/diariodigitalmx.com\/wp-content\/uploads\/2019\/06\/IMG-20190621-WA0037-768x1024.jpg\" alt=\"\" data-id=\"6315\" data-link=\"http:\/\/diariodigitalmx.com\/index.php\/2019\/06\/22\/la-colonia-obrera-simbolo-del-trabajo-regio-recibio-a-las-brigadas-de-las-asociaciones-vecinales\/img-20190621-wa0037\/\" class=\"wp-image-6315\" srcset=\"https:\/\/diariodigitalmx.com\/wp-content\/uploads\/2019\/06\/IMG-20190621-WA0037-768x1024.jpg 768w, https:\/\/diariodigitalmx.com\/wp-content\/uploads\/2019\/06\/IMG-20190621-WA0037-225x300.jpg 225w, https:\/\/diariodigitalmx.com\/wp-content\/uploads\/2019\/06\/IMG-20190621-WA0037.jpg 864w\" sizes=\"(max-width: 768px) 100vw, 768px\" \/><\/figure><\/li><li class=\"blocks-gallery-item\"><figure><img loading=\"lazy\" decoding=\"async\" width=\"768\" height=\"1024\" src=\"http:\/\/diariodigitalmx.com\/wp-content\/uploads\/2019\/06\/IMG-20190621-WA0073-768x1024.jpg\" alt=\"\" data-id=\"6316\" data-link=\"http:\/\/diariodigitalmx.com\/index.php\/2019\/06\/22\/la-colonia-obrera-simbolo-del-trabajo-regio-recibio-a-las-brigadas-de-las-asociaciones-vecinales\/img-20190621-wa0073\/\" class=\"wp-image-6316\" srcset=\"https:\/\/diariodigitalmx.com\/wp-content\/uploads\/2019\/06\/IMG-20190621-WA0073-768x1024.jpg 768w, https:\/\/diariodigitalmx.com\/wp-content\/uploads\/2019\/06\/IMG-20190621-WA0073-225x300.jpg 225w, https:\/\/diariodigitalmx.com\/wp-content\/uploads\/2019\/06\/IMG-20190621-WA0073.jpg 864w\" sizes=\"(max-width: 768px) 100vw, 768px\" \/><\/figure><\/li><li class=\"blocks-gallery-item\"><figure><img loading=\"lazy\" decoding=\"async\" width=\"768\" height=\"1024\" src=\"http:\/\/diariodigitalmx.com\/wp-content\/uploads\/2019\/06\/IMG-20190621-WA0045-768x1024.jpg\" alt=\"\" data-id=\"6317\" data-link=\"http:\/\/diariodigitalmx.com\/index.php\/2019\/06\/22\/la-colonia-obrera-simbolo-del-trabajo-regio-recibio-a-las-brigadas-de-las-asociaciones-vecinales\/img-20190621-wa0045\/\" class=\"wp-image-6317\" srcset=\"https:\/\/diariodigitalmx.com\/wp-content\/uploads\/2019\/06\/IMG-20190621-WA0045-768x1024.jpg 768w, https:\/\/diariodigitalmx.com\/wp-content\/uploads\/2019\/06\/IMG-20190621-WA0045-225x300.jpg 225w, https:\/\/diariodigitalmx.com\/wp-content\/uploads\/2019\/06\/IMG-20190621-WA0045.jpg 864w\" sizes=\"(max-width: 768px) 100vw, 768px\" \/><\/figure><\/li><li class=\"blocks-gallery-item\"><figure><img loading=\"lazy\" decoding=\"async\" width=\"1024\" height=\"768\" src=\"http:\/\/diariodigitalmx.com\/wp-content\/uploads\/2019\/06\/IMG-20190621-WA0048-1024x768.jpg\" alt=\"\" data-id=\"6318\" data-link=\"http:\/\/diariodigitalmx.com\/index.php\/2019\/06\/22\/la-colonia-obrera-simbolo-del-trabajo-regio-recibio-a-las-brigadas-de-las-asociaciones-vecinales\/img-20190621-wa0048\/\" class=\"wp-image-6318\" srcset=\"https:\/\/diariodigitalmx.com\/wp-content\/uploads\/2019\/06\/IMG-20190621-WA0048-1024x768.jpg 1024w, https:\/\/diariodigitalmx.com\/wp-content\/uploads\/2019\/06\/IMG-20190621-WA0048-300x225.jpg 300w, https:\/\/diariodigitalmx.com\/wp-content\/uploads\/2019\/06\/IMG-20190621-WA0048-768x576.jpg 768w, https:\/\/diariodigitalmx.com\/wp-content\/uploads\/2019\/06\/IMG-20190621-WA0048.jpg 1152w\" sizes=\"(max-width: 1024px) 100vw, 1024px\" \/><\/figure><\/li><li class=\"blocks-gallery-item\"><figure><img loading=\"lazy\" decoding=\"async\" width=\"768\" height=\"1024\" src=\"http:\/\/diariodigitalmx.com\/wp-content\/uploads\/2019\/06\/IMG-20190621-WA0054-768x1024.jpg\" alt=\"\" data-id=\"6319\" data-link=\"http:\/\/diariodigitalmx.com\/index.php\/2019\/06\/22\/la-colonia-obrera-simbolo-del-trabajo-regio-recibio-a-las-brigadas-de-las-asociaciones-vecinales\/img-20190621-wa0054\/\" class=\"wp-image-6319\" srcset=\"https:\/\/diariodigitalmx.com\/wp-content\/uploads\/2019\/06\/IMG-20190621-WA0054-768x1024.jpg 768w, https:\/\/diariodigitalmx.com\/wp-content\/uploads\/2019\/06\/IMG-20190621-WA0054-225x300.jpg 225w, https:\/\/diariodigitalmx.com\/wp-content\/uploads\/2019\/06\/IMG-20190621-WA0054.jpg 864w\" sizes=\"(max-width: 768px) 100vw, 768px\" \/><\/figure><\/li><li class=\"blocks-gallery-item\"><figure><img loading=\"lazy\" decoding=\"async\" width=\"1024\" height=\"768\" src=\"http:\/\/diariodigitalmx.com\/wp-content\/uploads\/2019\/06\/IMG-20190621-WA0064-1024x768.jpg\" alt=\"\" data-id=\"6320\" data-link=\"http:\/\/diariodigitalmx.com\/index.php\/2019\/06\/22\/la-colonia-obrera-simbolo-del-trabajo-regio-recibio-a-las-brigadas-de-las-asociaciones-vecinales\/img-20190621-wa0064\/\" class=\"wp-image-6320\" srcset=\"https:\/\/diariodigitalmx.com\/wp-content\/uploads\/2019\/06\/IMG-20190621-WA0064-1024x768.jpg 1024w, https:\/\/diariodigitalmx.com\/wp-content\/uploads\/2019\/06\/IMG-20190621-WA0064-300x225.jpg 300w, https:\/\/diariodigitalmx.com\/wp-content\/uploads\/2019\/06\/IMG-20190621-WA0064-768x576.jpg 768w, https:\/\/diariodigitalmx.com\/wp-content\/uploads\/2019\/06\/IMG-20190621-WA0064.jpg 1152w\" sizes=\"(max-width: 1024px) 100vw, 1024px\" \/><\/figure><\/li><li class=\"blocks-gallery-item\"><figure><img loading=\"lazy\" decoding=\"async\" width=\"768\" height=\"1024\" src=\"http:\/\/diariodigitalmx.com\/wp-content\/uploads\/2019\/06\/IMG-20190621-WA0062-768x1024.jpg\" alt=\"\" data-id=\"6321\" data-link=\"http:\/\/diariodigitalmx.com\/index.php\/2019\/06\/22\/la-colonia-obrera-simbolo-del-trabajo-regio-recibio-a-las-brigadas-de-las-asociaciones-vecinales\/img-20190621-wa0062\/\" class=\"wp-image-6321\" srcset=\"https:\/\/diariodigitalmx.com\/wp-content\/uploads\/2019\/06\/IMG-20190621-WA0062-768x1024.jpg 768w, https:\/\/diariodigitalmx.com\/wp-content\/uploads\/2019\/06\/IMG-20190621-WA0062-225x300.jpg 225w, https:\/\/diariodigitalmx.com\/wp-content\/uploads\/2019\/06\/IMG-20190621-WA0062.jpg 864w\" sizes=\"(max-width: 768px) 100vw, 768px\" \/><\/figure><\/li><\/ul>\n\n\n\n<ul class=\"wp-block-gallery columns-3 is-cropped wp-block-gallery-5 is-layout-flex wp-block-gallery-is-layout-flex\"><li class=\"blocks-gallery-item\"><figure><img loading=\"lazy\" decoding=\"async\" width=\"768\" height=\"1024\" src=\"http:\/\/diariodigitalmx.com\/wp-content\/uploads\/2019\/06\/IMG-20190621-WA0072-768x1024.jpg\" alt=\"\" data-id=\"6324\" data-link=\"http:\/\/diariodigitalmx.com\/index.php\/2019\/06\/22\/la-colonia-obrera-simbolo-del-trabajo-regio-recibio-a-las-brigadas-de-las-asociaciones-vecinales\/img-20190621-wa0072\/\" class=\"wp-image-6324\" srcset=\"https:\/\/diariodigitalmx.com\/wp-content\/uploads\/2019\/06\/IMG-20190621-WA0072-768x1024.jpg 768w, https:\/\/diariodigitalmx.com\/wp-content\/uploads\/2019\/06\/IMG-20190621-WA0072-225x300.jpg 225w, https:\/\/diariodigitalmx.com\/wp-content\/uploads\/2019\/06\/IMG-20190621-WA0072.jpg 864w\" sizes=\"(max-width: 768px) 100vw, 768px\" \/><\/figure><\/li><li class=\"blocks-gallery-item\"><figure><img loading=\"lazy\" decoding=\"async\" width=\"1024\" height=\"768\" src=\"http:\/\/diariodigitalmx.com\/wp-content\/uploads\/2019\/06\/IMG-20190621-WA0070-1024x768.jpg\" alt=\"\" data-id=\"6325\" data-link=\"http:\/\/diariodigitalmx.com\/index.php\/2019\/06\/22\/la-colonia-obrera-simbolo-del-trabajo-regio-recibio-a-las-brigadas-de-las-asociaciones-vecinales\/img-20190621-wa0070\/\" class=\"wp-image-6325\" srcset=\"https:\/\/diariodigitalmx.com\/wp-content\/uploads\/2019\/06\/IMG-20190621-WA0070-1024x768.jpg 1024w, https:\/\/diariodigitalmx.com\/wp-content\/uploads\/2019\/06\/IMG-20190621-WA0070-300x225.jpg 300w, https:\/\/diariodigitalmx.com\/wp-content\/uploads\/2019\/06\/IMG-20190621-WA0070-768x576.jpg 768w, https:\/\/diariodigitalmx.com\/wp-content\/uploads\/2019\/06\/IMG-20190621-WA0070.jpg 1152w\" sizes=\"(max-width: 1024px) 100vw, 1024px\" \/><\/figure><\/li><li class=\"blocks-gallery-item\"><figure><img loading=\"lazy\" decoding=\"async\" width=\"1024\" height=\"768\" src=\"http:\/\/diariodigitalmx.com\/wp-content\/uploads\/2019\/06\/IMG-20190621-WA0075-1024x768.jpg\" alt=\"\" data-id=\"6326\" data-link=\"http:\/\/diariodigitalmx.com\/index.php\/2019\/06\/22\/la-colonia-obrera-simbolo-del-trabajo-regio-recibio-a-las-brigadas-de-las-asociaciones-vecinales\/img-20190621-wa0075\/\" class=\"wp-image-6326\" srcset=\"https:\/\/diariodigitalmx.com\/wp-content\/uploads\/2019\/06\/IMG-20190621-WA0075-1024x768.jpg 1024w, https:\/\/diariodigitalmx.com\/wp-content\/uploads\/2019\/06\/IMG-20190621-WA0075-300x225.jpg 300w, https:\/\/diariodigitalmx.com\/wp-content\/uploads\/2019\/06\/IMG-20190621-WA0075-768x576.jpg 768w, https:\/\/diariodigitalmx.com\/wp-content\/uploads\/2019\/06\/IMG-20190621-WA0075.jpg 1152w\" sizes=\"(max-width: 1024px) 100vw, 1024px\" \/><\/figure><\/li><li class=\"blocks-gallery-item\"><figure><img loading=\"lazy\" decoding=\"async\" width=\"1024\" height=\"768\" src=\"http:\/\/diariodigitalmx.com\/wp-content\/uploads\/2019\/06\/IMG-20190621-WA0060-1024x768.jpg\" alt=\"\" data-id=\"6327\" data-link=\"http:\/\/diariodigitalmx.com\/index.php\/2019\/06\/22\/la-colonia-obrera-simbolo-del-trabajo-regio-recibio-a-las-brigadas-de-las-asociaciones-vecinales\/img-20190621-wa0060\/\" class=\"wp-image-6327\" srcset=\"https:\/\/diariodigitalmx.com\/wp-content\/uploads\/2019\/06\/IMG-20190621-WA0060-1024x768.jpg 1024w, https:\/\/diariodigitalmx.com\/wp-content\/uploads\/2019\/06\/IMG-20190621-WA0060-300x225.jpg 300w, https:\/\/diariodigitalmx.com\/wp-content\/uploads\/2019\/06\/IMG-20190621-WA0060-768x576.jpg 768w, https:\/\/diariodigitalmx.com\/wp-content\/uploads\/2019\/06\/IMG-20190621-WA0060.jpg 1152w\" sizes=\"(max-width: 1024px) 100vw, 1024px\" \/><\/figure><\/li><li class=\"blocks-gallery-item\"><figure><img loading=\"lazy\" decoding=\"async\" width=\"768\" height=\"1024\" src=\"http:\/\/diariodigitalmx.com\/wp-content\/uploads\/2019\/06\/IMG-20190621-WA0022-768x1024.jpg\" alt=\"\" data-id=\"6328\" data-link=\"http:\/\/diariodigitalmx.com\/index.php\/2019\/06\/22\/la-colonia-obrera-simbolo-del-trabajo-regio-recibio-a-las-brigadas-de-las-asociaciones-vecinales\/img-20190621-wa0022\/\" class=\"wp-image-6328\" srcset=\"https:\/\/diariodigitalmx.com\/wp-content\/uploads\/2019\/06\/IMG-20190621-WA0022-768x1024.jpg 768w, https:\/\/diariodigitalmx.com\/wp-content\/uploads\/2019\/06\/IMG-20190621-WA0022-225x300.jpg 225w, https:\/\/diariodigitalmx.com\/wp-content\/uploads\/2019\/06\/IMG-20190621-WA0022.jpg 864w\" sizes=\"(max-width: 768px) 100vw, 768px\" \/><\/figure><\/li><\/ul>\n","protected":false},"excerpt":{"rendered":"<p>Fotos de Yaneth Alonso Ahora toc\u00f3 a la legendaria e ic\u00f3nica Colonia Obrera, de Monterrey, que las brigadas de las Asociaciones Vecinales interactuaran con las familias que vivieron momentos especiales. Como es costumbre, a petici\u00f3n de los vecinos se llevaron los servicios profesionales de m\u00e9dicos, odont\u00f3logos, pod\u00f3logos, optometristas, psic\u00f3logos, abogados, estilistas y asesores en general. [&hellip;]<\/p>\n","protected":false},"author":1,"featured_media":6299,"comment_status":"open","ping_status":"open","sticky":true,"template":"","format":"standard","meta":{"footnotes":""},"categories":[14,6],"tags":[],"_links":{"self":[{"href":"https:\/\/diariodigitalmx.com\/index.php\/wp-json\/wp\/v2\/posts\/6297"}],"collection":[{"href":"https:\/\/diariodigitalmx.com\/index.php\/wp-json\/wp\/v2\/posts"}],"about":[{"href":"https:\/\/diariodigitalmx.com\/index.php\/wp-json\/wp\/v2\/types\/post"}],"author":[{"embeddable":true,"href":"https:\/\/diariodigitalmx.com\/index.php\/wp-json\/wp\/v2\/users\/1"}],"replies":[{"embeddable":true,"href":"https:\/\/diariodigitalmx.com\/index.php\/wp-json\/wp\/v2\/comments?post=6297"}],"version-history":[{"count":7,"href":"https:\/\/diariodigitalmx.com\/index.php\/wp-json\/wp\/v2\/posts\/6297\/revisions"}],"predecessor-version":[{"id":6329,"href":"https:\/\/diariodigitalmx.com\/index.php\/wp-json\/wp\/v2\/posts\/6297\/revisions\/6329"}],"wp:featuredmedia":[{"embeddable":true,"href":"https:\/\/diariodigitalmx.com\/index.php\/wp-json\/wp\/v2\/media\/6299"}],"wp:attachment":[{"href":"https:\/\/diariodigitalmx.com\/index.php\/wp-json\/wp\/v2\/media?parent=6297"}],"wp:term":[{"taxonomy":"category","embeddable":true,"href":"https:\/\/diariodigitalmx.com\/index.php\/wp-json\/wp\/v2\/categories?post=6297"},{"taxonomy":"post_tag","embeddable":true,"href":"https:\/\/diariodigitalmx.com\/index.php\/wp-json\/wp\/v2\/tags?post=6297"}],"curies":[{"name":"wp","href":"https:\/\/api.w.org\/{rel}","templated":true}]}}