{"id":63258,"date":"2021-10-01T18:42:47","date_gmt":"2021-10-01T23:42:47","guid":{"rendered":"http:\/\/diariodigitalmx.com\/?p=63258"},"modified":"2021-10-01T18:43:40","modified_gmt":"2021-10-01T23:43:40","slug":"educacion-empresarial","status":"publish","type":"post","link":"https:\/\/diariodigitalmx.com\/index.php\/2021\/10\/01\/educacion-empresarial\/","title":{"rendered":"Educaci\u00f3n empresarial"},"content":{"rendered":"\n<p>Arnulfo Vigil<\/p>\n\n\n\n<p>Si el nuevo rostro del gobierno que entrar\u00e1 en funciones el domingo es la empresa y los organismos pro empresariales, bien estar\u00e1 que quienes han trabajado para conformar este nuevo rostro desde la educaci\u00f3n, lo siguieran haciendo con su doble misi\u00f3n: preparar a los alumnos para el trabajo en las empresas y fortalecer el v\u00ednculo entre la funci\u00f3n p\u00fablica y la privada.&nbsp;&nbsp;<\/p>\n\n\n\n<p>&nbsp;&nbsp;&nbsp; No se trata de poner la carga en un solo lado, el empresarial, sino de dividir la carga en aspectos sociales, culturales y por supuesto educativos. De esta manera todo se har\u00e1 m\u00e1s leve. La experiencia p\u00fablica no es la misma que la experiencia privada. De hecho, la expresi\u00f3n servidores p\u00fablicos toma hoy en d\u00eda mayor relevancia. Y no todos son servidores p\u00fablicos, son funcionarios privados.<\/p>\n\n\n\n<p>&nbsp;&nbsp;&nbsp; Por eso la experiencia Conalep Nuevo Le\u00f3n, a cargo del profesor Roel Guajardo Cant\u00fa, ha dado en el clavo en este contexto: desde el servicio p\u00fablico se preparan alumnos para abordar el trabajo en las empresas. Y se conectan los dos aspectos. Y los dos salen beneficiados. Al terminar los alumnos sus estudios tendr\u00e1n trabajo en las empresas y las empresas contar\u00e1n con mano de obra calificada.&nbsp;<\/p>\n\n\n\n<p>&nbsp;&nbsp;&nbsp; En esta misma direcci\u00f3n, Conalep ha estrechado v\u00ednculos acad\u00e9micos con las principales universidades del estado como el Tec de Monterrey, la UDEM y la UANL. Es decir, Conalep comparte la visi\u00f3n acad\u00e9mica de las instituciones educativas privadas. No hay distanciamiento. Todo apunta a un mismo objetivo: el beneficio de Nuevo Le\u00f3n. Y lo mismo con instituciones acad\u00e9micas de gran prestigio como Harvard. &nbsp;&nbsp;&nbsp; &nbsp;&nbsp;<\/p>\n\n\n\n<p>&nbsp;&nbsp;&nbsp; No es en vano que las principales certificadoras internacionales en habilidades digitales como Certiport, ETC Iberoam\u00e9rica y CONOCER hayan otorgado a Conalep m\u00e1s de 341 mil 668 certificaciones de agosto de 2015 a septiembre de 2021. Tanto alumnos como el cuerpo docente han estado en un proceso de mejora continua. \u201cHoy en Nuevo Le\u00f3n estos estudiantes pueden decir con toda plenitud que tienen el m\u00e1s alto nivel de preparaci\u00f3n y que est\u00e1n listos para el mercado laboral\u201d, expres\u00f3 Eduardo Valencia, Presidente de ETC Iberoam\u00e9rica.&nbsp;&nbsp;&nbsp;<\/p>\n\n\n\n<p>&nbsp;&nbsp;&nbsp; Si de eso se trata el nuevo gobierno, entonces Conalep es punta de lanza. En un momento actual en que la cuarta revoluci\u00f3n industrial (4.0) es un hecho, que implica la sustituci\u00f3n de procesos mec\u00e1nicos por cibern\u00e9ticos en las empresas, Conalep ha avanzado a un 100% en este campo. El v\u00ednculo entre las empresas y las instituciones educativas, en este caso p\u00fablicas, Conalep lo ha trabajado desde que el profe Roel Guajardo Cant\u00fa se hizo cargo de la direcci\u00f3n del sistema tecnol\u00f3gico.<\/p>\n\n\n\n<p>&nbsp;&nbsp;&nbsp; No es nuevo pues. Samuel Garc\u00eda, una vez como gobernador constitucional, encontrar\u00e1 en Conalep Nuevo Le\u00f3n, exactamente el perfil que desea para el Estado. Con Conalep no batallar\u00e1, no se mortificar\u00e1, no iniciar\u00e1 de 0, ya est\u00e1 hecho. Siempre y cuando le d\u00e9 la dimensi\u00f3n justa y lo apoye para que siga en ese camino siempre ascendente de conocimiento virtual que responda a las necesidades de las empresas de Nuevo Le\u00f3n en su evoluci\u00f3n tecnol\u00f3gica.&nbsp;&nbsp;&nbsp;&nbsp;<\/p>\n","protected":false},"excerpt":{"rendered":"<p>Arnulfo Vigil Si el nuevo rostro del gobierno que entrar\u00e1 en funciones el domingo es la empresa y los organismos pro empresariales, bien estar\u00e1 que quienes han trabajado para conformar este nuevo rostro desde la educaci\u00f3n, lo siguieran haciendo con su doble misi\u00f3n: preparar a los alumnos para el trabajo en las empresas y fortalecer [&hellip;]<\/p>\n","protected":false},"author":1,"featured_media":63260,"comment_status":"open","ping_status":"open","sticky":true,"template":"","format":"standard","meta":{"footnotes":""},"categories":[12,3],"tags":[],"_links":{"self":[{"href":"https:\/\/diariodigitalmx.com\/index.php\/wp-json\/wp\/v2\/posts\/63258"}],"collection":[{"href":"https:\/\/diariodigitalmx.com\/index.php\/wp-json\/wp\/v2\/posts"}],"about":[{"href":"https:\/\/diariodigitalmx.com\/index.php\/wp-json\/wp\/v2\/types\/post"}],"author":[{"embeddable":true,"href":"https:\/\/diariodigitalmx.com\/index.php\/wp-json\/wp\/v2\/users\/1"}],"replies":[{"embeddable":true,"href":"https:\/\/diariodigitalmx.com\/index.php\/wp-json\/wp\/v2\/comments?post=63258"}],"version-history":[{"count":1,"href":"https:\/\/diariodigitalmx.com\/index.php\/wp-json\/wp\/v2\/posts\/63258\/revisions"}],"predecessor-version":[{"id":63259,"href":"https:\/\/diariodigitalmx.com\/index.php\/wp-json\/wp\/v2\/posts\/63258\/revisions\/63259"}],"wp:featuredmedia":[{"embeddable":true,"href":"https:\/\/diariodigitalmx.com\/index.php\/wp-json\/wp\/v2\/media\/63260"}],"wp:attachment":[{"href":"https:\/\/diariodigitalmx.com\/index.php\/wp-json\/wp\/v2\/media?parent=63258"}],"wp:term":[{"taxonomy":"category","embeddable":true,"href":"https:\/\/diariodigitalmx.com\/index.php\/wp-json\/wp\/v2\/categories?post=63258"},{"taxonomy":"post_tag","embeddable":true,"href":"https:\/\/diariodigitalmx.com\/index.php\/wp-json\/wp\/v2\/tags?post=63258"}],"curies":[{"name":"wp","href":"https:\/\/api.w.org\/{rel}","templated":true}]}}