{"id":63270,"date":"2021-10-02T07:51:59","date_gmt":"2021-10-02T12:51:59","guid":{"rendered":"http:\/\/diariodigitalmx.com\/?p=63270"},"modified":"2021-10-02T07:53:48","modified_gmt":"2021-10-02T12:53:48","slug":"confia-pri-de-nuevo-leon-que-samuel-garcia-haga-buen-trabajo","status":"publish","type":"post","link":"https:\/\/diariodigitalmx.com\/index.php\/2021\/10\/02\/confia-pri-de-nuevo-leon-que-samuel-garcia-haga-buen-trabajo\/","title":{"rendered":"Conf\u00eda PRI de Nuevo Le\u00f3n que Samuel Garc\u00eda haga buen trabajo"},"content":{"rendered":"\n<p>Monterrey, N.L.- El PRI de Nuevo Le\u00f3n otorg\u00f3 su confianza al gobernador electo, Samuel Garc\u00eda Sep\u00falveda, quien durante su campa\u00f1a electoral se comprometi\u00f3 con la ciudadan\u00eda a traer crecimiento y bienestar al estado.&nbsp;<\/p>\n\n\n\n<p>\u201cLe damos la confianza al gobernador electo de Nuevo Le\u00f3n, Samuel Garc\u00eda, para que los pr\u00f3ximos seis a\u00f1os sean de crecimiento y bienestar para todos, tal y como lo ofreci\u00f3\u201d, subray\u00f3 el presidente estatal del Partido Revolucionario Institucional (PRI), Jos\u00e9 Luis Garza Ochoa.<\/p>\n\n\n\n<p>Afirm\u00f3 que los nuevoleoneses quieren y necesitan seguridad, tranquilidad, empleos mejor pagados y mucha inversi\u00f3n, sobre todo en este momento en que la pandemia ha dejado a muchas personas desempleadas por el cierre de empresas y negocios que no se pudieron mantener ante la crisis sanitaria.<\/p>\n\n\n\n<p>Reiter\u00f3 que el PRI, que es sin duda el partido de la experiencia y el que sabe gobernar, conf\u00eda en que Samuel Garc\u00eda har\u00e1 su mejor trabajo para darle a la gente de Nuevo Le\u00f3n el gobierno que se merece.&nbsp;<\/p>\n\n\n\n<p>Asimismo, tras conocer a los miembros del nuevo gabinete estatal, Garza Ochoa dijo que \u201cnos interesa que est\u00e9n comprometidos y que su lealtad sea para Nuevo Le\u00f3n, para su gente, para que todos quienes habitamos en el estado vivamos mejor\u201d.<\/p>\n\n\n\n<p>Expres\u00f3 tambi\u00e9n su confianza en la experiencia profesional que tienen en sus respectivas \u00e1reas los miembros del nuevo gabinete ya que esto los llevar\u00e1 a cumplir con las metas y objetivos que el gobernador electo se ha trazado.<\/p>\n","protected":false},"excerpt":{"rendered":"<p>Monterrey, N.L.- El PRI de Nuevo Le\u00f3n otorg\u00f3 su confianza al gobernador electo, Samuel Garc\u00eda Sep\u00falveda, quien durante su campa\u00f1a electoral se comprometi\u00f3 con la ciudadan\u00eda a traer crecimiento y bienestar al estado.&nbsp; \u201cLe damos la confianza al gobernador electo de Nuevo Le\u00f3n, Samuel Garc\u00eda, para que los pr\u00f3ximos seis a\u00f1os sean de crecimiento y [&hellip;]<\/p>\n","protected":false},"author":1,"featured_media":63272,"comment_status":"open","ping_status":"open","sticky":true,"template":"","format":"standard","meta":{"footnotes":""},"categories":[14,6],"tags":[],"_links":{"self":[{"href":"https:\/\/diariodigitalmx.com\/index.php\/wp-json\/wp\/v2\/posts\/63270"}],"collection":[{"href":"https:\/\/diariodigitalmx.com\/index.php\/wp-json\/wp\/v2\/posts"}],"about":[{"href":"https:\/\/diariodigitalmx.com\/index.php\/wp-json\/wp\/v2\/types\/post"}],"author":[{"embeddable":true,"href":"https:\/\/diariodigitalmx.com\/index.php\/wp-json\/wp\/v2\/users\/1"}],"replies":[{"embeddable":true,"href":"https:\/\/diariodigitalmx.com\/index.php\/wp-json\/wp\/v2\/comments?post=63270"}],"version-history":[{"count":2,"href":"https:\/\/diariodigitalmx.com\/index.php\/wp-json\/wp\/v2\/posts\/63270\/revisions"}],"predecessor-version":[{"id":63273,"href":"https:\/\/diariodigitalmx.com\/index.php\/wp-json\/wp\/v2\/posts\/63270\/revisions\/63273"}],"wp:featuredmedia":[{"embeddable":true,"href":"https:\/\/diariodigitalmx.com\/index.php\/wp-json\/wp\/v2\/media\/63272"}],"wp:attachment":[{"href":"https:\/\/diariodigitalmx.com\/index.php\/wp-json\/wp\/v2\/media?parent=63270"}],"wp:term":[{"taxonomy":"category","embeddable":true,"href":"https:\/\/diariodigitalmx.com\/index.php\/wp-json\/wp\/v2\/categories?post=63270"},{"taxonomy":"post_tag","embeddable":true,"href":"https:\/\/diariodigitalmx.com\/index.php\/wp-json\/wp\/v2\/tags?post=63270"}],"curies":[{"name":"wp","href":"https:\/\/api.w.org\/{rel}","templated":true}]}}