{"id":63295,"date":"2021-10-03T08:19:07","date_gmt":"2021-10-03T13:19:07","guid":{"rendered":"http:\/\/diariodigitalmx.com\/?p=63295"},"modified":"2021-10-03T08:21:08","modified_gmt":"2021-10-03T13:21:08","slug":"cosas-de-la-villarreal","status":"publish","type":"post","link":"https:\/\/diariodigitalmx.com\/index.php\/2021\/10\/03\/cosas-de-la-villarreal\/","title":{"rendered":"Cosas de la Villarreal\u2026."},"content":{"rendered":"\n<p><strong><em>Muchacha malcriada<\/em><\/strong><\/p>\n\n\n\n<p>Por <strong><em>Ramona Carmona V.<\/em><\/strong><\/p>\n\n\n\n<p>V\u00e1lgame la virgen sant\u00edsima y de la vela perpetua.&nbsp;<\/p>\n\n\n\n<p>A\u00fan no agarra pista y menos vuelo el gobierno de su marido y la Mariana ya anda toda volada y tirando piedras a diestra y siniestra.<\/p>\n\n\n\n<p>Anda con la lengua como si fuera una espada desenvainada.&nbsp;<\/p>\n\n\n\n<p>Eso de que <strong><em>\u201cSamuel va a ser tu gobernador seis a\u00f1os, te guste o no<\/em><\/strong>\u201d, son\u00f3 a amenaza. \u00bfLe pic\u00f3 una ara\u00f1a o qu\u00e9?<\/p>\n\n\n\n<p>La Mariana debe andar con cuidado.&nbsp;<\/p>\n\n\n\n<p>Su amenazante advertencia le puede acarrear que algunas damas de <strong><em>\u201cLa Indepe<\/em><\/strong>\u201d o <strong><em>\u201cLa Coyotera<\/em><\/strong>\u201d, le den un estir\u00f3n de gre\u00f1as.<\/p>\n\n\n\n<p>Ser muy socialit\u00e9 o influencer no le da derecho a tutear a los ciudadanos. Como toda una incipiente damita en pol\u00edtica, debe cuidar las formas.<\/p>\n\n\n\n<p>Tambi\u00e9n, como para demostrar que es de muchas naguas, sali\u00f3 con otra advertencia: \u201c<strong><em>Si le va bien Samuel, le va bien a Nuevo Le\u00f3n\u201d.&nbsp;<\/em><\/strong><\/p>\n\n\n\n<p>\u00bfQu\u00e9 acaso no es al rev\u00e9s? Pues ni que fuera otro mes\u00edas.<\/p>\n\n\n\n<p>Mariana debe ubicarse.&nbsp;<\/p>\n\n\n\n<p>Eso de que \u201c<strong><em>Aunque no sean fans de Samuel o m\u00edos, creo que ahorita es momento de unirnos todos<\/em><\/strong>\u201d, no est\u00e1 bien dicho.<\/p>\n\n\n\n<p>Llegar a la gubernatura no fue un concurso musical, ni de simpat\u00edas fr\u00edvolas. No son fans, fueron electores, <strong><em>pero votaron por \u00e9l, por Samuel, no por Mariana<\/em><\/strong>.&nbsp;<\/p>\n\n\n\n<p><strong><em>De mujer a mujer, le digo a usted Mariana, <\/em><\/strong>con todo respeto, si quiere entrar a la pol\u00edtica, debe entender que esto no es un juego de mu\u00f1equitas.&nbsp;<\/p>\n\n\n\n<p>Usted es una protagonista de las redes sociales, pero una incipiente pol\u00edtica. <strong><em>Si quiere crecer aprenda que, en esto, la forma es fondo.<\/em><\/strong><\/p>\n\n\n\n<p>Por \u00faltimo, aprenda el leguaje pol\u00edtico. Usted dice que <strong><em>\u201cTan j\u00f3venes, y este reto, pues, es enorme, pero es de todos\u201d.&nbsp;<\/em><\/strong><\/p>\n\n\n\n<p>Entonces, <strong><em>si es de todos y nos invita a la responsabilidad, pues tambi\u00e9n inv\u00edtenos a la cena de esta noche en palacio y comp\u00e1rtala con el pueblo, que no sea privada.<\/em><\/strong><\/p>\n\n\n\n<p>C\u00f3mo la ve\u2026<\/p>\n\n\n\n<p><a href=\"mailto:carmonavillarreal@gmail.com\">carmonavillarreal@gmail.com<\/a><\/p>\n","protected":false},"excerpt":{"rendered":"<p>Muchacha malcriada Por Ramona Carmona V. V\u00e1lgame la virgen sant\u00edsima y de la vela perpetua.&nbsp; A\u00fan no agarra pista y menos vuelo el gobierno de su marido y la Mariana ya anda toda volada y tirando piedras a diestra y siniestra. Anda con la lengua como si fuera una espada desenvainada.&nbsp; Eso de que \u201cSamuel [&hellip;]<\/p>\n","protected":false},"author":1,"featured_media":63297,"comment_status":"open","ping_status":"open","sticky":true,"template":"","format":"standard","meta":{"footnotes":""},"categories":[12,3],"tags":[],"_links":{"self":[{"href":"https:\/\/diariodigitalmx.com\/index.php\/wp-json\/wp\/v2\/posts\/63295"}],"collection":[{"href":"https:\/\/diariodigitalmx.com\/index.php\/wp-json\/wp\/v2\/posts"}],"about":[{"href":"https:\/\/diariodigitalmx.com\/index.php\/wp-json\/wp\/v2\/types\/post"}],"author":[{"embeddable":true,"href":"https:\/\/diariodigitalmx.com\/index.php\/wp-json\/wp\/v2\/users\/1"}],"replies":[{"embeddable":true,"href":"https:\/\/diariodigitalmx.com\/index.php\/wp-json\/wp\/v2\/comments?post=63295"}],"version-history":[{"count":1,"href":"https:\/\/diariodigitalmx.com\/index.php\/wp-json\/wp\/v2\/posts\/63295\/revisions"}],"predecessor-version":[{"id":63296,"href":"https:\/\/diariodigitalmx.com\/index.php\/wp-json\/wp\/v2\/posts\/63295\/revisions\/63296"}],"wp:featuredmedia":[{"embeddable":true,"href":"https:\/\/diariodigitalmx.com\/index.php\/wp-json\/wp\/v2\/media\/63297"}],"wp:attachment":[{"href":"https:\/\/diariodigitalmx.com\/index.php\/wp-json\/wp\/v2\/media?parent=63295"}],"wp:term":[{"taxonomy":"category","embeddable":true,"href":"https:\/\/diariodigitalmx.com\/index.php\/wp-json\/wp\/v2\/categories?post=63295"},{"taxonomy":"post_tag","embeddable":true,"href":"https:\/\/diariodigitalmx.com\/index.php\/wp-json\/wp\/v2\/tags?post=63295"}],"curies":[{"name":"wp","href":"https:\/\/api.w.org\/{rel}","templated":true}]}}