{"id":63298,"date":"2021-10-03T16:29:38","date_gmt":"2021-10-03T21:29:38","guid":{"rendered":"http:\/\/diariodigitalmx.com\/?p=63298"},"modified":"2021-10-03T16:37:05","modified_gmt":"2021-10-03T21:37:05","slug":"el-folclorico-lenguaje-de-el-bronco-para-el-anecdotario","status":"publish","type":"post","link":"https:\/\/diariodigitalmx.com\/index.php\/2021\/10\/03\/el-folclorico-lenguaje-de-el-bronco-para-el-anecdotario\/","title":{"rendered":"El folcl\u00f3rico lenguaje de &#8220;El Bronco&#8221;, para el anecdotario"},"content":{"rendered":"\n<p>*El lenguaje vulgar, califica Romeo Flores Caballero <\/p>\n\n\n\n<p><\/p>\n\n\n\n<p>Walter Elizondo <\/p>\n\n\n\n<p>Monterrey, N. L.-&nbsp; Con un lenguaje folcl\u00f3rico, con frases para unos ofensivas, chistosas para otros, El Bronco, concluy\u00f3&nbsp; su administraci\u00f3n y deja para la historia sus pol\u00e9micos dichos.&nbsp;<\/p>\n\n\n\n<p>Apenas la semana pasada dijo que al entregar el gobierno se ir\u00e1 a casa a \u201cconsultar con mi gallo y mi caballo\u201d, la posibilidad de volver a buscar la presidencia de la Rep\u00fablica.<\/p>\n\n\n\n<p>Naci\u00f3 el d\u00eda de los Santos Inocentes, en diciembre de 1957 en el ejido Pablillos, del sure\u00f1o municipio de Galeana, Jaime Rodr\u00edguez Calder\u00f3n es ingeniero agr\u00f3nomo y gusta de vestir de vaquero, con botas, \u201csoy ranchero y no cambiar\u00e9\u201d, exclama.<\/p>\n\n\n\n<p>\u201cPeligro\u2026 No Sentarse. Esta silla enferma de poder y egolatr\u00eda\u201d, escribi\u00f3 el primer d\u00eda que arrib\u00f3 a Palacio de Gobierno en octubre de 2015; lo hizo en una nota que peg\u00f3 en la silla del despacho, la misma que us\u00f3 el gobernador Rodrigo Medina de la Cruz.<\/p>\n\n\n\n<p>Cuando acudi\u00f3 con algunos de sus funcionarios a una taquer\u00eda local, le ofrecieron que podr\u00eda acudir durante su sexenio y comer gratis. \u201cYa chingue\u201d, dijo.<\/p>\n\n\n\n<figure class=\"wp-block-image size-large\"><img loading=\"lazy\" decoding=\"async\" width=\"729\" height=\"408\" src=\"http:\/\/diariodigitalmx.com\/wp-content\/uploads\/2021\/10\/images-2_1655266166237009-1.jpeg\" alt=\"\" class=\"wp-image-63302\" srcset=\"https:\/\/diariodigitalmx.com\/wp-content\/uploads\/2021\/10\/images-2_1655266166237009-1.jpeg 729w, https:\/\/diariodigitalmx.com\/wp-content\/uploads\/2021\/10\/images-2_1655266166237009-1-300x168.jpeg 300w\" sizes=\"(max-width: 729px) 100vw, 729px\" \/><\/figure>\n\n\n\n<p>No tiene empacho en aceptar que le gusta leer el Libro Vaquero, que es la filosof\u00eda: \u201cEl Libro Vaquero es una revista, es una novela que vende, se vende en las esquinas. Tiene una publicaci\u00f3n quincenal. Yo he comprado muchas historias. Me gusta la historia del h\u00e9roe. De los pueblos salvados por alguien. Y El Libro Vaquero habla de eso. Me gusta leerlo porque le hace falta al pa\u00eds muchos vaqueros. De esos que salvan las ciudades, que salvan a la gente. Que hacen cosas para que la gente est\u00e9 mejor. \u00bfMe entiendes? Yo me baso mucho en esas cosas. Es la Filosof\u00eda, la Historia, el conocimiento, bueno, hay muchos libros. Te dir\u00e9, prefiero no mencionar ninguno. No la vaya a regar como algunos otros y t\u00fa me vayas a balconear\u201d.<\/p>\n\n\n\n<p>En otra ocasi\u00f3n defendi\u00f3 el derecho a que la mujer amamante a sus hijos: &#8220;Yo fui amamantado por mi madre, tuvo diez hijos y no le pas\u00f3 nada, sigue estando buenota mi mam\u00e1, buen\u00edsima est\u00e1 mi mam\u00e1 y no le pas\u00f3 nada&#8221;.<\/p>\n\n\n\n<p>Un diciembre de 2016 dijo a los ni\u00f1os que en realidad Santa Claus es su pap\u00e1, &#8220;Bien, chamacos, abracen a su pap\u00e1 cuando tengan chanza; d\u00edganle que lo quieren mucho porque el pap\u00e1 de ustedes es Santa Claus. \u00bfYa sab\u00edan eso, verdad?&#8221;.<\/p>\n\n\n\n<p>Organizaciones civiles y defensoras de los Derechos Humanos&nbsp; se molestaron cuando alertaba a las jovencitas de no embarazarse a temprana edad. &#8220;A las ni\u00f1as gordas no las quiere nadie&#8221;.<\/p>\n\n\n\n<p>Y en la defensa del matrimonio hombre-mujer: &#8220;Creo en el principio de la familia, creo en el matrimonio, no en las otras zonceras, no creo en las otras. El matrimonio es hombre-mujer, punto, si ustedes creen lo contrario convenzan a la sociedad, yo no&#8221;.<\/p>\n\n\n\n<p>Cuando fue candidato presidencial recibi\u00f3 la cr\u00edtica del ex presidente Felipe Calder\u00f3n, quien dijo que&nbsp; tiene parecido con Hugo Ch\u00e1vez.<\/p>\n\n\n\n<p>\u201cYo creo que Calder\u00f3n ven\u00eda crudo o pedo, yo no tengo nada que ver con (Hugo) Ch\u00e1vez, creo que Felipe vino a echarse unas cervezas aqu\u00ed a Nuevo Le\u00f3n, vino un poquito a quitarse esa presi\u00f3n que tiene de no tener ya un cargo\u201d, revir\u00f3.<\/p>\n\n\n\n<p>Jaime Rodr\u00edguez resume con lenguaje coloquial que \u00e9l contesta el tel\u00e9fono, que anda sin ayudantes, sin \u201cmayate\u201d. \u201cYo cargo mi celular, porque no tengo mayate. Tengo muchos amigos en muchas partes, pero yo me manejo solo, aqu\u00ed ando solito no traigo ni mayates, ni asistentes, ni secretaria\u201d<\/p>\n\n\n\n<p>En la inauguraci\u00f3n de una preparatoria militar pidi\u00f3 a los padres de familia no ser alcahuetes, que si tienen un hijo rebelde que se los manden para arreglarlo en esos planteles. \u201cQue no haya mam\u00e1s alcahuetas, ni pap\u00e1s alcahuetes, vamos a hablar as\u00ed, a calz\u00f3n quitado, no defendamos nunca lo indefendible\u201d.<\/p>\n\n\n\n<p>El Bronco, fiel a su lenguaje defiende su derecho a hacer lo que se le pegue la gana en su descanso. \u201cSi yo ahorita declar\u00e9 que voy a agarrar el pedo aqu\u00ed en Santa Catarina y Santiago, a algunos no les va a gustar; pero si al rato voy yo a agarrar el pedo con la raza, me voy a echar unas caguamas, es s\u00e1bado, tengo derecho, y aqu\u00ed la raza me las va a invitar y eso va a causar pol\u00e9mica \u00bfno?\u201d.<\/p>\n\n\n\n<p>Y en el tema de la legalizaci\u00f3n de marihuana con fines recreativos sentenci\u00f3: \u201c\u00a1Imag\u00ednense! O sea, tenemos que echarnos un churro de mota para andarnos divirtiendo\u201d.<\/p>\n\n\n\n<p>&nbsp;\u201cEn las decisiones de mi gobierno, ni mi vieja me va a influenciar para que tome alguna decisi\u00f3n\u201d, advirti\u00f3 en otra de sus frases..<\/p>\n\n\n\n<p>&nbsp;Su caballo tambi\u00e9n recibi\u00f3 menci\u00f3n: \u201cY yo dije as\u00ed a bote pronto: \u2018oye, pues no me sale caro, lo traigo conmigo, se come una paca de alfalfa a la semana, un bulto de alimento, me cobra el caballerango tanto, me sale en tanto, come menos que mi vieja, mi mujer me sale m\u00e1s cara\u201d.<\/p>\n\n\n\n<p>El 4 de octubre de 2016, Jaime Rodr\u00edguez dio un mensaje bastante claro a la comunidad homosexual \u201c c\u00e1sense, s\u00ed, c\u00e1sense , pero en Saltillo, aqu\u00ed en Nuevo Le\u00f3n no, porque no es natural. Creo en el matrimonio, tan creo que me he casado 3 veces y cada quien se casa con quien quiere, punto\u201d.<\/p>\n\n\n\n<p>En el tema de corrupci\u00f3n fue cuestionado sobre si hab\u00eda mentido alguna vez \u00e9l respondi\u00f3 \u201cS\u00ed, a veces, le dije a mi mujer la iba a llevar al cine y no pude llevarla\u201d.<\/p>\n\n\n\n<figure class=\"wp-block-image size-large\"><img loading=\"lazy\" decoding=\"async\" width=\"608\" height=\"342\" src=\"http:\/\/diariodigitalmx.com\/wp-content\/uploads\/2021\/10\/images-3.jpeg\" alt=\"\" class=\"wp-image-63304\" srcset=\"https:\/\/diariodigitalmx.com\/wp-content\/uploads\/2021\/10\/images-3.jpeg 608w, https:\/\/diariodigitalmx.com\/wp-content\/uploads\/2021\/10\/images-3-300x169.jpeg 300w\" sizes=\"(max-width: 608px) 100vw, 608px\" \/><\/figure>\n\n\n\n<p>En su campa\u00f1a en busca de la presidencia del Pa\u00eds, fue c\u00e9lebre su propuesta en un debate: \u201cHay que mocharle la mano a quien robe\u201d<\/p>\n\n\n\n<p>El Bronco milit\u00f3 en el PRI durante 33 a\u00f1os, renunci\u00f3 para ser independiente, &#8221; Que chingado voy a seguir siendo priista. A lo mejor nunca lo fui&#8221;, declar\u00f3.<\/p>\n\n\n\n<figure class=\"wp-block-image size-large\"><img loading=\"lazy\" decoding=\"async\" width=\"693\" height=\"1024\" src=\"http:\/\/diariodigitalmx.com\/wp-content\/uploads\/2021\/10\/IMG_20211003_1634542-693x1024.jpg\" alt=\"\" class=\"wp-image-63306\" srcset=\"https:\/\/diariodigitalmx.com\/wp-content\/uploads\/2021\/10\/IMG_20211003_1634542-693x1024.jpg 693w, https:\/\/diariodigitalmx.com\/wp-content\/uploads\/2021\/10\/IMG_20211003_1634542-203x300.jpg 203w, https:\/\/diariodigitalmx.com\/wp-content\/uploads\/2021\/10\/IMG_20211003_1634542-768x1135.jpg 768w, https:\/\/diariodigitalmx.com\/wp-content\/uploads\/2021\/10\/IMG_20211003_1634542-1039x1536.jpg 1039w, https:\/\/diariodigitalmx.com\/wp-content\/uploads\/2021\/10\/IMG_20211003_1634542-1386x2048.jpg 1386w, https:\/\/diariodigitalmx.com\/wp-content\/uploads\/2021\/10\/IMG_20211003_1634542-scaled.jpg 1732w\" sizes=\"(max-width: 693px) 100vw, 693px\" \/><\/figure>\n\n\n\n<p>En su libro &#8220;El Bronco: Fracaso del primer gobierno independiente&#8221;, el analista pol\u00edtico, escritor e historiador, Romero Flores Caballero cierra: &#8220;No lleg\u00f3 a superar la misoginia, las ocurrencias, la soberbia y el lenguaje vulgar hartaron a los regiomontanos y no ha pasado de la an\u00e9cdota y de la frivolidad. Ha sido un mal gobernador&#8221;.\u00a0<\/p>\n","protected":false},"excerpt":{"rendered":"<p>*El lenguaje vulgar, califica Romeo Flores Caballero Walter Elizondo Monterrey, N. L.-&nbsp; Con un lenguaje folcl\u00f3rico, con frases para unos ofensivas, chistosas para otros, El Bronco, concluy\u00f3&nbsp; su administraci\u00f3n y deja para la historia sus pol\u00e9micos dichos.&nbsp; Apenas la semana pasada dijo que al entregar el gobierno se ir\u00e1 a casa a \u201cconsultar con mi [&hellip;]<\/p>\n","protected":false},"author":1,"featured_media":63301,"comment_status":"open","ping_status":"open","sticky":true,"template":"","format":"standard","meta":{"footnotes":""},"categories":[6,3],"tags":[],"_links":{"self":[{"href":"https:\/\/diariodigitalmx.com\/index.php\/wp-json\/wp\/v2\/posts\/63298"}],"collection":[{"href":"https:\/\/diariodigitalmx.com\/index.php\/wp-json\/wp\/v2\/posts"}],"about":[{"href":"https:\/\/diariodigitalmx.com\/index.php\/wp-json\/wp\/v2\/types\/post"}],"author":[{"embeddable":true,"href":"https:\/\/diariodigitalmx.com\/index.php\/wp-json\/wp\/v2\/users\/1"}],"replies":[{"embeddable":true,"href":"https:\/\/diariodigitalmx.com\/index.php\/wp-json\/wp\/v2\/comments?post=63298"}],"version-history":[{"count":4,"href":"https:\/\/diariodigitalmx.com\/index.php\/wp-json\/wp\/v2\/posts\/63298\/revisions"}],"predecessor-version":[{"id":63307,"href":"https:\/\/diariodigitalmx.com\/index.php\/wp-json\/wp\/v2\/posts\/63298\/revisions\/63307"}],"wp:featuredmedia":[{"embeddable":true,"href":"https:\/\/diariodigitalmx.com\/index.php\/wp-json\/wp\/v2\/media\/63301"}],"wp:attachment":[{"href":"https:\/\/diariodigitalmx.com\/index.php\/wp-json\/wp\/v2\/media?parent=63298"}],"wp:term":[{"taxonomy":"category","embeddable":true,"href":"https:\/\/diariodigitalmx.com\/index.php\/wp-json\/wp\/v2\/categories?post=63298"},{"taxonomy":"post_tag","embeddable":true,"href":"https:\/\/diariodigitalmx.com\/index.php\/wp-json\/wp\/v2\/tags?post=63298"}],"curies":[{"name":"wp","href":"https:\/\/api.w.org\/{rel}","templated":true}]}}