{"id":63323,"date":"2021-10-03T20:13:35","date_gmt":"2021-10-04T01:13:35","guid":{"rendered":"http:\/\/diariodigitalmx.com\/?p=63323"},"modified":"2021-10-03T20:18:59","modified_gmt":"2021-10-04T01:18:59","slug":"en-escobedo-se-protege-tambien-a-las-mascotas-bendicen-a-perros","status":"publish","type":"post","link":"https:\/\/diariodigitalmx.com\/index.php\/2021\/10\/03\/en-escobedo-se-protege-tambien-a-las-mascotas-bendicen-a-perros\/","title":{"rendered":"En Escobedo se protege tambi\u00e9n a las mascotas; bendicen a perros"},"content":{"rendered":"\n<p>Para concientizar sobre la protecci\u00f3n y cuidado de los animales y fomentar acciones para su bienestar, el Municipio de Escobedo llev\u00f3 a cabo la Octava Edici\u00f3n de la Bendici\u00f3n de Mascotas.<\/p>\n\n\n\n<p>Durante la ma\u00f1ana de este domingo, decenas de familias se dieron cita en el Parque Lineal, en donde cumpliendo con las medidas sanitarias como la sana distancia, uso de cubrebocas y gel antibacterial, convivieron con sus animales de compa\u00f1\u00eda.<\/p>\n\n\n\n<p>\u00a0\u00a0<\/p>\n\n\n\n<figure class=\"wp-block-image size-large\"><img loading=\"lazy\" decoding=\"async\" width=\"1024\" height=\"682\" src=\"http:\/\/diariodigitalmx.com\/wp-content\/uploads\/2021\/10\/IMG_6093-1024x682.jpg\" alt=\"\" class=\"wp-image-63327\" srcset=\"https:\/\/diariodigitalmx.com\/wp-content\/uploads\/2021\/10\/IMG_6093-1024x682.jpg 1024w, https:\/\/diariodigitalmx.com\/wp-content\/uploads\/2021\/10\/IMG_6093-300x200.jpg 300w, https:\/\/diariodigitalmx.com\/wp-content\/uploads\/2021\/10\/IMG_6093-768x512.jpg 768w, https:\/\/diariodigitalmx.com\/wp-content\/uploads\/2021\/10\/IMG_6093-1536x1024.jpg 1536w, https:\/\/diariodigitalmx.com\/wp-content\/uploads\/2021\/10\/IMG_6093-2048x1365.jpg 2048w\" sizes=\"(max-width: 1024px) 100vw, 1024px\" \/><\/figure>\n\n\n\n<p>El Alcalde Andr\u00e9s Mijes Llovera subray\u00f3 que su Administraci\u00f3n continuar\u00e1 con la implementaci\u00f3n de pol\u00edticas p\u00fablicas para dignificar el trato a los animales.<\/p>\n\n\n\n<p>\u201cNosotros tenemos la cultura de la adopci\u00f3n, protegemos a los animales, seguiremos realizando este tipo de eventos para promover su cuidado, adem\u00e1s de impartir cursos y capacitaciones de concientizaci\u00f3n al personal y a los ciudadanos.<\/p>\n\n\n\n<figure class=\"wp-block-image size-large\"><img loading=\"lazy\" decoding=\"async\" width=\"1024\" height=\"683\" src=\"http:\/\/diariodigitalmx.com\/wp-content\/uploads\/2021\/10\/IMG_6043-1024x683.jpg\" alt=\"\" class=\"wp-image-63330\" srcset=\"https:\/\/diariodigitalmx.com\/wp-content\/uploads\/2021\/10\/IMG_6043-1024x683.jpg 1024w, https:\/\/diariodigitalmx.com\/wp-content\/uploads\/2021\/10\/IMG_6043-300x200.jpg 300w, https:\/\/diariodigitalmx.com\/wp-content\/uploads\/2021\/10\/IMG_6043-768x512.jpg 768w, https:\/\/diariodigitalmx.com\/wp-content\/uploads\/2021\/10\/IMG_6043-1536x1025.jpg 1536w, https:\/\/diariodigitalmx.com\/wp-content\/uploads\/2021\/10\/IMG_6043-2048x1366.jpg 2048w\" sizes=\"(max-width: 1024px) 100vw, 1024px\" \/><\/figure>\n\n\n\n<p>Pensamos que una persona que maltrata a los animales, el siguiente paso es maltratar a una persona, por eso es que hay que evitarlo\u201d.&nbsp;<\/p>\n\n\n\n<p>Tras la Bendici\u00f3n, por parte del Padre Baldomero Zambrano Cort\u00e9s, en honor a San Francisco de As\u00eds, santo patrono de los animales, los asistentes realizaron una caminata en la que recorrieron una distancia cercana a los dos kil\u00f3metros.\u00a0<\/p>\n\n\n\n<figure class=\"wp-block-image size-large\"><img loading=\"lazy\" decoding=\"async\" width=\"1024\" height=\"683\" src=\"http:\/\/diariodigitalmx.com\/wp-content\/uploads\/2021\/10\/IMG_6046-1024x683.jpg\" alt=\"\" class=\"wp-image-63332\" srcset=\"https:\/\/diariodigitalmx.com\/wp-content\/uploads\/2021\/10\/IMG_6046-1024x683.jpg 1024w, https:\/\/diariodigitalmx.com\/wp-content\/uploads\/2021\/10\/IMG_6046-300x200.jpg 300w, https:\/\/diariodigitalmx.com\/wp-content\/uploads\/2021\/10\/IMG_6046-768x512.jpg 768w, https:\/\/diariodigitalmx.com\/wp-content\/uploads\/2021\/10\/IMG_6046-1536x1024.jpg 1536w, https:\/\/diariodigitalmx.com\/wp-content\/uploads\/2021\/10\/IMG_6046-2048x1365.jpg 2048w\" sizes=\"(max-width: 1024px) 100vw, 1024px\" \/><\/figure>\n\n\n\n<p>Mijes Llovera a\u00f1adi\u00f3 que uno de los planes es crear m\u00e1s espacios de esparcimiento para las macotas.&nbsp;<\/p>\n\n\n\n<p>La titular de la Unidad de Protecci\u00f3n Animal de Escobedo, Melissa Ramos, inform\u00f3 que se atienden aproximadamente 30 reportes por semana sobre animales que se encuentran en situaci\u00f3n de calle o maltratado y posteriormente se les alberga para la atenci\u00f3n m\u00e9dica necesaria.<\/p>\n\n\n\n<figure class=\"wp-block-image size-large\"><img loading=\"lazy\" decoding=\"async\" width=\"1024\" height=\"683\" src=\"http:\/\/diariodigitalmx.com\/wp-content\/uploads\/2021\/10\/IMG_6062-1024x683.jpg\" alt=\"\" class=\"wp-image-63335\" srcset=\"https:\/\/diariodigitalmx.com\/wp-content\/uploads\/2021\/10\/IMG_6062-1024x683.jpg 1024w, https:\/\/diariodigitalmx.com\/wp-content\/uploads\/2021\/10\/IMG_6062-300x200.jpg 300w, https:\/\/diariodigitalmx.com\/wp-content\/uploads\/2021\/10\/IMG_6062-768x512.jpg 768w, https:\/\/diariodigitalmx.com\/wp-content\/uploads\/2021\/10\/IMG_6062-1536x1024.jpg 1536w, https:\/\/diariodigitalmx.com\/wp-content\/uploads\/2021\/10\/IMG_6062-2048x1366.jpg 2048w\" sizes=\"(max-width: 1024px) 100vw, 1024px\" \/><\/figure>\n\n\n\n<p>En el evento tambi\u00e9n se cont\u00f3 con vacunaci\u00f3n antirr\u00e1bica gratuita, adem\u00e1s de la venta de productos para las mascotas.\u00a0\u00a0<\/p>\n\n\n\n<figure class=\"wp-block-image size-large\"><img loading=\"lazy\" decoding=\"async\" width=\"1024\" height=\"683\" src=\"http:\/\/diariodigitalmx.com\/wp-content\/uploads\/2021\/10\/IMG_6032-1024x683.jpg\" alt=\"\" class=\"wp-image-63337\" srcset=\"https:\/\/diariodigitalmx.com\/wp-content\/uploads\/2021\/10\/IMG_6032-1024x683.jpg 1024w, https:\/\/diariodigitalmx.com\/wp-content\/uploads\/2021\/10\/IMG_6032-300x200.jpg 300w, https:\/\/diariodigitalmx.com\/wp-content\/uploads\/2021\/10\/IMG_6032-768x512.jpg 768w, https:\/\/diariodigitalmx.com\/wp-content\/uploads\/2021\/10\/IMG_6032-1536x1024.jpg 1536w, https:\/\/diariodigitalmx.com\/wp-content\/uploads\/2021\/10\/IMG_6032-2048x1365.jpg 2048w\" sizes=\"(max-width: 1024px) 100vw, 1024px\" \/><\/figure>\n\n\n\n<p>En la Octava Edici\u00f3n de Mascotas y Caminata que organiza el Gobierno Municipal a trav\u00e9s de la Direcci\u00f3n de Protecci\u00f3n Animal en el \u00c1rea de Perros del Parque Lineal se realizaron adopciones, chequeos, y vacunas antirr\u00e1bicas.<\/p>\n\n\n\n<figure class=\"wp-block-image size-large\"><img loading=\"lazy\" decoding=\"async\" width=\"1024\" height=\"683\" src=\"http:\/\/diariodigitalmx.com\/wp-content\/uploads\/2021\/10\/IMG_6028-1024x683.jpg\" alt=\"\" class=\"wp-image-63340\" srcset=\"https:\/\/diariodigitalmx.com\/wp-content\/uploads\/2021\/10\/IMG_6028-1024x683.jpg 1024w, https:\/\/diariodigitalmx.com\/wp-content\/uploads\/2021\/10\/IMG_6028-300x200.jpg 300w, https:\/\/diariodigitalmx.com\/wp-content\/uploads\/2021\/10\/IMG_6028-768x512.jpg 768w, https:\/\/diariodigitalmx.com\/wp-content\/uploads\/2021\/10\/IMG_6028-1536x1024.jpg 1536w, https:\/\/diariodigitalmx.com\/wp-content\/uploads\/2021\/10\/IMG_6028-2048x1365.jpg 2048w\" sizes=\"(max-width: 1024px) 100vw, 1024px\" \/><\/figure>\n\n\n\n<p>La Cl\u00ednica Veterinaria Municipal se ubica en calle Margaritas 221, en la Colonia Los Olivos primer sector, donde se ofrecen diversos servicios para el cuidado de las mascotas, quienes deseen informes pueden llamar al 81-2968-3141.<\/p>\n","protected":false},"excerpt":{"rendered":"<p>Para concientizar sobre la protecci\u00f3n y cuidado de los animales y fomentar acciones para su bienestar, el Municipio de Escobedo llev\u00f3 a cabo la Octava Edici\u00f3n de la Bendici\u00f3n de Mascotas. Durante la ma\u00f1ana de este domingo, decenas de familias se dieron cita en el Parque Lineal, en donde cumpliendo con las medidas sanitarias como [&hellip;]<\/p>\n","protected":false},"author":1,"featured_media":63325,"comment_status":"open","ping_status":"open","sticky":true,"template":"","format":"standard","meta":{"footnotes":""},"categories":[6,5],"tags":[],"_links":{"self":[{"href":"https:\/\/diariodigitalmx.com\/index.php\/wp-json\/wp\/v2\/posts\/63323"}],"collection":[{"href":"https:\/\/diariodigitalmx.com\/index.php\/wp-json\/wp\/v2\/posts"}],"about":[{"href":"https:\/\/diariodigitalmx.com\/index.php\/wp-json\/wp\/v2\/types\/post"}],"author":[{"embeddable":true,"href":"https:\/\/diariodigitalmx.com\/index.php\/wp-json\/wp\/v2\/users\/1"}],"replies":[{"embeddable":true,"href":"https:\/\/diariodigitalmx.com\/index.php\/wp-json\/wp\/v2\/comments?post=63323"}],"version-history":[{"count":8,"href":"https:\/\/diariodigitalmx.com\/index.php\/wp-json\/wp\/v2\/posts\/63323\/revisions"}],"predecessor-version":[{"id":63341,"href":"https:\/\/diariodigitalmx.com\/index.php\/wp-json\/wp\/v2\/posts\/63323\/revisions\/63341"}],"wp:featuredmedia":[{"embeddable":true,"href":"https:\/\/diariodigitalmx.com\/index.php\/wp-json\/wp\/v2\/media\/63325"}],"wp:attachment":[{"href":"https:\/\/diariodigitalmx.com\/index.php\/wp-json\/wp\/v2\/media?parent=63323"}],"wp:term":[{"taxonomy":"category","embeddable":true,"href":"https:\/\/diariodigitalmx.com\/index.php\/wp-json\/wp\/v2\/categories?post=63323"},{"taxonomy":"post_tag","embeddable":true,"href":"https:\/\/diariodigitalmx.com\/index.php\/wp-json\/wp\/v2\/tags?post=63323"}],"curies":[{"name":"wp","href":"https:\/\/api.w.org\/{rel}","templated":true}]}}