{"id":63344,"date":"2021-10-03T21:24:51","date_gmt":"2021-10-04T02:24:51","guid":{"rendered":"http:\/\/diariodigitalmx.com\/?p=63344"},"modified":"2021-10-03T21:26:06","modified_gmt":"2021-10-04T02:26:06","slug":"se-pierde-olga-sanchez-cordero-en-monterrey-al-salir-de-la-toma-de-protesta-de-samuel-garcia-como-gobernador-de-nuevo-leon","status":"publish","type":"post","link":"https:\/\/diariodigitalmx.com\/index.php\/2021\/10\/03\/se-pierde-olga-sanchez-cordero-en-monterrey-al-salir-de-la-toma-de-protesta-de-samuel-garcia-como-gobernador-de-nuevo-leon\/","title":{"rendered":"Se pierde Olga S\u00e1nchez Cordero en Monterrey, al salir de la toma de protesta de Samuel Garc\u00eda como Gobernador de Nuevo Le\u00f3n"},"content":{"rendered":"\n<p>Local \/ Blog Tinta en la Sangre<\/p>\n\n\n\n<p><\/p>\n\n\n\n<p>\u00a0\u00a0\u00a0\u00a0\u00a0\u00a0\u00a0\u00a0\u00a0\u00a0\u00a0\u00a0\u00a0\u00a0De la Redacci\u00f3n \/ BTS<\/p>\n\n\n\n<p>&nbsp;&nbsp;&nbsp;&nbsp;La senadora Olga S\u00e1nchez Cordero, ex Secretaria de Gobernaci\u00f3n, quien fuera la mujer m\u00e1s informada de M\u00e9xico y encargada de la pol\u00edtica interior del pa\u00eds, se perdi\u00f3 en Monterrey al salir de la toma de protesta de Samuel Garc\u00eda Sep\u00falveda como gobernador de Nuevo Le\u00f3n.<\/p>\n\n\n\n<p>&nbsp;&nbsp;&nbsp;&nbsp;El abogado regiomontano Alejandro G\u00f3mez fue el encargado de orientar a la ahora legisladora para encontrar a su ch\u00f3fer, cont\u00f3 el litigante en una simp\u00e1tica an\u00e9cdota que subi\u00f3 a su muro de Facebook y que a continuaci\u00f3n les compartimos:<\/p>\n\n\n\n<p>. &#8220;Resulta que salgo 1 minuto antes de que termine el evento, para saludar algunos amigos. Me encuentro con la Lic. Olga Sanchez Cordero, presidenta del Senado, y le pido una foto. Me pregunta: \u00bfa qu\u00e9 te dedicas? Soy abogado, le contest\u00e9&#8221;.<\/p>\n\n\n\n<p>&nbsp;&nbsp;&#8221; Me dice: \u00bfLicenciado me puede ayudar? Lo que necesite respond\u00ed. Es que estoy perdida y no s\u00e9 c\u00f3mo llegar con mi ch\u00f3fer, \u00bfser\u00eda tan amable de acompa\u00f1arme?&#8221;.<\/p>\n\n\n\n<p>&nbsp;&nbsp;&nbsp;&#8221; Con gusto le contest\u00e9. Caminamos cuadra y media porque el chofer se perdi\u00f3. Incre\u00edble que no llevar\u00e1 escolta y nadie del staf procur\u00f3 atenderla. Al llegar a su camioneta me pide mi nombre y celular y me dijo: Licenciado es usted un caballero que me inspir\u00f3 confianza, le voy hacer llegar unos libros de derecho de edici\u00f3n especial. Todo un honor&#8221;, concluye G\u00f3mez su relato.<\/p>\n","protected":false},"excerpt":{"rendered":"<p>Local \/ Blog Tinta en la Sangre \u00a0\u00a0\u00a0\u00a0\u00a0\u00a0\u00a0\u00a0\u00a0\u00a0\u00a0\u00a0\u00a0\u00a0De la Redacci\u00f3n \/ BTS &nbsp;&nbsp;&nbsp;&nbsp;La senadora Olga S\u00e1nchez Cordero, ex Secretaria de Gobernaci\u00f3n, quien fuera la mujer m\u00e1s informada de M\u00e9xico y encargada de la pol\u00edtica interior del pa\u00eds, se perdi\u00f3 en Monterrey al salir de la toma de protesta de Samuel Garc\u00eda Sep\u00falveda como gobernador de [&hellip;]<\/p>\n","protected":false},"author":1,"featured_media":63346,"comment_status":"open","ping_status":"open","sticky":true,"template":"","format":"standard","meta":{"footnotes":""},"categories":[6,5],"tags":[],"_links":{"self":[{"href":"https:\/\/diariodigitalmx.com\/index.php\/wp-json\/wp\/v2\/posts\/63344"}],"collection":[{"href":"https:\/\/diariodigitalmx.com\/index.php\/wp-json\/wp\/v2\/posts"}],"about":[{"href":"https:\/\/diariodigitalmx.com\/index.php\/wp-json\/wp\/v2\/types\/post"}],"author":[{"embeddable":true,"href":"https:\/\/diariodigitalmx.com\/index.php\/wp-json\/wp\/v2\/users\/1"}],"replies":[{"embeddable":true,"href":"https:\/\/diariodigitalmx.com\/index.php\/wp-json\/wp\/v2\/comments?post=63344"}],"version-history":[{"count":2,"href":"https:\/\/diariodigitalmx.com\/index.php\/wp-json\/wp\/v2\/posts\/63344\/revisions"}],"predecessor-version":[{"id":63347,"href":"https:\/\/diariodigitalmx.com\/index.php\/wp-json\/wp\/v2\/posts\/63344\/revisions\/63347"}],"wp:featuredmedia":[{"embeddable":true,"href":"https:\/\/diariodigitalmx.com\/index.php\/wp-json\/wp\/v2\/media\/63346"}],"wp:attachment":[{"href":"https:\/\/diariodigitalmx.com\/index.php\/wp-json\/wp\/v2\/media?parent=63344"}],"wp:term":[{"taxonomy":"category","embeddable":true,"href":"https:\/\/diariodigitalmx.com\/index.php\/wp-json\/wp\/v2\/categories?post=63344"},{"taxonomy":"post_tag","embeddable":true,"href":"https:\/\/diariodigitalmx.com\/index.php\/wp-json\/wp\/v2\/tags?post=63344"}],"curies":[{"name":"wp","href":"https:\/\/api.w.org\/{rel}","templated":true}]}}