{"id":63348,"date":"2021-10-03T23:40:40","date_gmt":"2021-10-04T04:40:40","guid":{"rendered":"http:\/\/diariodigitalmx.com\/?p=63348"},"modified":"2021-10-03T23:42:47","modified_gmt":"2021-10-04T04:42:47","slug":"muere-primer-mexicano-que-anoto-un-gol-en-un-mundial-en-europa","status":"publish","type":"post","link":"https:\/\/diariodigitalmx.com\/index.php\/2021\/10\/03\/muere-primer-mexicano-que-anoto-un-gol-en-un-mundial-en-europa\/","title":{"rendered":"Muere primer mexicano que anot\u00f3 un gol en un mundial en Europa"},"content":{"rendered":"\n<p>El ex futbolista mexicano Jos\u00e9 Luis Lamadrid militante de equipos como el Am\u00e9rica, Toluca y Necaxa falleci\u00f3 esta tarde de domingo a los 91 a\u00f1os de edad inform\u00f3 el Club azulcrema a trav\u00e9s de un comunicado, donde no se detallaron las causas de su muerte.<\/p>\n\n\n\n<p>Luego de difundirse su fallecimiento, algunas figuras p\u00fablicas del gremio deportivo mandaron sus condolencias al ex seleccionado. Alguna de ellas como Christian Martinoli, quien escribi\u00f3 en su Twitter.<\/p>\n\n\n\n<p>\u201cAbrazo grande para toda la familia del Ingeniero Jos\u00e9 Luis Lamadrid. Decano del balompi\u00e9 mexicano, hombre conocedor, directo y muy divertido.\u201d, escribi\u00f3 el comentarista.<\/p>\n\n\n\n<figure class=\"wp-block-image size-large\"><img loading=\"lazy\" decoding=\"async\" width=\"954\" height=\"749\" src=\"http:\/\/diariodigitalmx.com\/wp-content\/uploads\/2021\/10\/Screenshot_20211003-2333552.png\" alt=\"\" class=\"wp-image-63351\" srcset=\"https:\/\/diariodigitalmx.com\/wp-content\/uploads\/2021\/10\/Screenshot_20211003-2333552.png 954w, https:\/\/diariodigitalmx.com\/wp-content\/uploads\/2021\/10\/Screenshot_20211003-2333552-300x236.png 300w, https:\/\/diariodigitalmx.com\/wp-content\/uploads\/2021\/10\/Screenshot_20211003-2333552-768x603.png 768w\" sizes=\"(max-width: 954px) 100vw, 954px\" \/><\/figure>\n\n\n\n<p>El tambi\u00e9n ex seleccionado nacional se convirti\u00f3 en el primer jugador de M\u00e9xico en marcar un gol en un mundial en territorio de Europa, mismo que ocurri\u00f3 durante la edici\u00f3n de Suiza 1954 frente a Francia. En aquella ocasi\u00f3n &#8216;El Tri&#8217; cay\u00f3 ante los galos 3 a 2.<\/p>\n\n\n\n<figure class=\"wp-block-image size-large\"><img loading=\"lazy\" decoding=\"async\" width=\"554\" height=\"554\" src=\"http:\/\/diariodigitalmx.com\/wp-content\/uploads\/2021\/10\/images-1.jpeg\" alt=\"\" class=\"wp-image-63353\" srcset=\"https:\/\/diariodigitalmx.com\/wp-content\/uploads\/2021\/10\/images-1.jpeg 554w, https:\/\/diariodigitalmx.com\/wp-content\/uploads\/2021\/10\/images-1-300x300.jpeg 300w, https:\/\/diariodigitalmx.com\/wp-content\/uploads\/2021\/10\/images-1-150x150.jpeg 150w\" sizes=\"(max-width: 554px) 100vw, 554px\" \/><\/figure>\n\n\n\n<p>Tras retirarse de las canchas como futbolista, Lamadrid fungi\u00f3 como comentarista de f\u00fatbol en radio y televisi\u00f3n. Adem\u00e1s se desempe\u00f1\u00f3 como analista del deporte en diversas cadenas de televisi\u00f3n.<\/p>\n\n\n\n<p>Gracias a su trayectoria, Jos\u00e9 Luis Lamadrid ingres\u00f3 al Sal\u00f3n de la Fama del F\u00fatbol en 2016 dentro del grupo de investidos donde figuran tambi\u00e9n leyendas como Paolo Rossi, Ronaldo Nazario, Ricardo \u2018El Tuca\u2019 Ferreti, Claudio Su\u00e1rea y Jared Borgetti, por mencionar algunos.<\/p>\n","protected":false},"excerpt":{"rendered":"<p>El ex futbolista mexicano Jos\u00e9 Luis Lamadrid militante de equipos como el Am\u00e9rica, Toluca y Necaxa falleci\u00f3 esta tarde de domingo a los 91 a\u00f1os de edad inform\u00f3 el Club azulcrema a trav\u00e9s de un comunicado, donde no se detallaron las causas de su muerte. Luego de difundirse su fallecimiento, algunas figuras p\u00fablicas del gremio [&hellip;]<\/p>\n","protected":false},"author":1,"featured_media":63350,"comment_status":"open","ping_status":"open","sticky":true,"template":"","format":"standard","meta":{"footnotes":""},"categories":[8,3],"tags":[],"_links":{"self":[{"href":"https:\/\/diariodigitalmx.com\/index.php\/wp-json\/wp\/v2\/posts\/63348"}],"collection":[{"href":"https:\/\/diariodigitalmx.com\/index.php\/wp-json\/wp\/v2\/posts"}],"about":[{"href":"https:\/\/diariodigitalmx.com\/index.php\/wp-json\/wp\/v2\/types\/post"}],"author":[{"embeddable":true,"href":"https:\/\/diariodigitalmx.com\/index.php\/wp-json\/wp\/v2\/users\/1"}],"replies":[{"embeddable":true,"href":"https:\/\/diariodigitalmx.com\/index.php\/wp-json\/wp\/v2\/comments?post=63348"}],"version-history":[{"count":3,"href":"https:\/\/diariodigitalmx.com\/index.php\/wp-json\/wp\/v2\/posts\/63348\/revisions"}],"predecessor-version":[{"id":63354,"href":"https:\/\/diariodigitalmx.com\/index.php\/wp-json\/wp\/v2\/posts\/63348\/revisions\/63354"}],"wp:featuredmedia":[{"embeddable":true,"href":"https:\/\/diariodigitalmx.com\/index.php\/wp-json\/wp\/v2\/media\/63350"}],"wp:attachment":[{"href":"https:\/\/diariodigitalmx.com\/index.php\/wp-json\/wp\/v2\/media?parent=63348"}],"wp:term":[{"taxonomy":"category","embeddable":true,"href":"https:\/\/diariodigitalmx.com\/index.php\/wp-json\/wp\/v2\/categories?post=63348"},{"taxonomy":"post_tag","embeddable":true,"href":"https:\/\/diariodigitalmx.com\/index.php\/wp-json\/wp\/v2\/tags?post=63348"}],"curies":[{"name":"wp","href":"https:\/\/api.w.org\/{rel}","templated":true}]}}