{"id":6339,"date":"2019-06-22T16:34:10","date_gmt":"2019-06-22T21:34:10","guid":{"rendered":"http:\/\/diariodigitalmx.com\/?p=6339"},"modified":"2019-06-22T16:34:11","modified_gmt":"2019-06-22T21:34:11","slug":"guerra-sucia-acusa-hijo-de-calderon-sobre-noticia-falsa-de-detencion","status":"publish","type":"post","link":"https:\/\/diariodigitalmx.com\/index.php\/2019\/06\/22\/guerra-sucia-acusa-hijo-de-calderon-sobre-noticia-falsa-de-detencion\/","title":{"rendered":"Guerra sucia, acusa hijo de Calder\u00f3n sobre noticia falsa de detenci\u00f3n"},"content":{"rendered":"\n<p>Luis Felipe Calder\u00f3n Zavala, hijo del exmandatario mexicano Felipe Calder\u00f3n y la excandidata a la Presidencia, Margarita Zavala, neg\u00f3 rotundamente que haya sido detenido en San Antonio, Texas, Estados Unidos, y acusa una &#8220;guerra sucia&#8221; tras haber criticado la Cuarta Transformaci\u00f3n.<\/p>\n\n\n\n<p>Ello, luego que este fin de semanas en redes sociales y algunos medios de comunicaci\u00f3n se diera a conocer la noticia de su supuesta detenci\u00f3n, por presuntamente transportar 30 kilogramos de coca\u00edna, la cual -asegur\u00f3- es falsa.<\/p>\n\n\n\n\n\n\n\n<p>En Instagram public\u00f3 una historia en la que aparecen im\u00e1genes de su supuesta detenci\u00f3n con el mensaje: \u201cluego, luego empiezan con la &#8216;guerra sucia&#8217; cuando ya no quedan maromas que dar.<\/p>\n\n\n\n\n\n<p>&#8220;Qu\u00e9 coincidencia que justo ayer critique a la 4T, f\u00edjense. Se\u00f1al que tienen miedo, la oposici\u00f3n avanza. El tiempo nos va dando la raz\u00f3n! Pd: verifiquen lo que ven en las redes sociales, gracias\u201d, poste\u00f3.PUBLICIDAD<\/p>\n\n\n\n\n\n<p>A trav\u00e9s de Instagram, Calder\u00f3n Zavala se\u00f1al\u00f3 que decidi\u00f3 publicar un video para que sepan sus familiares, amigos y seguidores que est\u00e1 bien, mas no para aclarar la situaci\u00f3n, ya que \u201cla mentira no merece aclaraci\u00f3n\u201d.<\/p>\n\n\n\n<p>En el video, grabado en la casa de sus padres, el joven menciona que no est\u00e1 relacionado con los hechos de los que se le acusan e invit\u00f3 a verificar la fuente de informaci\u00f3n sobre los contenidos que circulan en redes sociales.<\/p>\n\n\n\n<p>De manera ir\u00f3nica, el hijo del expresidente tambi\u00e9n comparti\u00f3 una imagen de un vaso de caf\u00e9 de una famosa cadena con la leyenda \u201cLo m\u00e1s cerca que estoy de Estados Unidos\u201d.<\/p>\n\n\n\n<p>En tanto Felipe Calder\u00f3n comparti\u00f3 en Twitter la nota de Observatorio Ciudadano titulada \u201cCalumnia Radio F\u00f3rmula a hijo de Felipe Calder\u00f3n\u201d, as\u00ed como el&nbsp;<a href=\"https:\/\/www.elsoldemexico.com.mx\/mexico\/sociedad\/niega-margarita-zavala-detencion-de-su-hijo-en-estados-unidos-3799283.html\" target=\"_blank\" rel=\"noreferrer noopener\">mensaje de su esposa, Margarita Zavala<\/a>, quien escribi\u00f3 en esa red social: \u201cLamento que @radio_formula se preste a esas notas. Es falsa la nota de detenci\u00f3n de uno de mis hijos, est\u00e1n conmigo\u201d.<\/p>\n","protected":false},"excerpt":{"rendered":"<p>Luis Felipe Calder\u00f3n Zavala, hijo del exmandatario mexicano Felipe Calder\u00f3n y la excandidata a la Presidencia, Margarita Zavala, neg\u00f3 rotundamente que haya sido detenido en San Antonio, Texas, Estados Unidos, y acusa una &#8220;guerra sucia&#8221; tras haber criticado la Cuarta Transformaci\u00f3n. Ello, luego que este fin de semanas en redes sociales y algunos medios de [&hellip;]<\/p>\n","protected":false},"author":1,"featured_media":6343,"comment_status":"open","ping_status":"open","sticky":true,"template":"","format":"standard","meta":{"footnotes":""},"categories":[2],"tags":[],"_links":{"self":[{"href":"https:\/\/diariodigitalmx.com\/index.php\/wp-json\/wp\/v2\/posts\/6339"}],"collection":[{"href":"https:\/\/diariodigitalmx.com\/index.php\/wp-json\/wp\/v2\/posts"}],"about":[{"href":"https:\/\/diariodigitalmx.com\/index.php\/wp-json\/wp\/v2\/types\/post"}],"author":[{"embeddable":true,"href":"https:\/\/diariodigitalmx.com\/index.php\/wp-json\/wp\/v2\/users\/1"}],"replies":[{"embeddable":true,"href":"https:\/\/diariodigitalmx.com\/index.php\/wp-json\/wp\/v2\/comments?post=6339"}],"version-history":[{"count":3,"href":"https:\/\/diariodigitalmx.com\/index.php\/wp-json\/wp\/v2\/posts\/6339\/revisions"}],"predecessor-version":[{"id":6342,"href":"https:\/\/diariodigitalmx.com\/index.php\/wp-json\/wp\/v2\/posts\/6339\/revisions\/6342"}],"wp:featuredmedia":[{"embeddable":true,"href":"https:\/\/diariodigitalmx.com\/index.php\/wp-json\/wp\/v2\/media\/6343"}],"wp:attachment":[{"href":"https:\/\/diariodigitalmx.com\/index.php\/wp-json\/wp\/v2\/media?parent=6339"}],"wp:term":[{"taxonomy":"category","embeddable":true,"href":"https:\/\/diariodigitalmx.com\/index.php\/wp-json\/wp\/v2\/categories?post=6339"},{"taxonomy":"post_tag","embeddable":true,"href":"https:\/\/diariodigitalmx.com\/index.php\/wp-json\/wp\/v2\/tags?post=6339"}],"curies":[{"name":"wp","href":"https:\/\/api.w.org\/{rel}","templated":true}]}}