{"id":63396,"date":"2021-10-04T21:27:47","date_gmt":"2021-10-05T02:27:47","guid":{"rendered":"http:\/\/diariodigitalmx.com\/?p=63396"},"modified":"2021-10-04T21:31:40","modified_gmt":"2021-10-05T02:31:40","slug":"cae-aeronave-en-vallecillo-nuevo-leon","status":"publish","type":"post","link":"https:\/\/diariodigitalmx.com\/index.php\/2021\/10\/04\/cae-aeronave-en-vallecillo-nuevo-leon\/","title":{"rendered":"Cae aeronave en Vallecillo, Nuevo Le\u00f3n"},"content":{"rendered":"\n<figure class=\"wp-block-video\"><video controls src=\"http:\/\/diariodigitalmx.com\/wp-content\/uploads\/2021\/10\/VIDEO-2021-10-04-21-02-59.mp4\"><\/video><\/figure>\n\n\n\n<p>Vallecillo.- Una aeronave que proced\u00eda de Texas cay\u00f3 en un paraje cercano al&nbsp; Ejido Colorados de Arriba, en este municipio a 121 kil\u00f3metros al norte de Monterrey.&nbsp;<\/p>\n\n\n\n<p>En el accidente la aeronave se incendi\u00f3 y dos personas que viajaban en la misma resultaron lesionadas, inform\u00f3 Protecci\u00f3n Civil de Nuevo Le\u00f3n.&nbsp;<\/p>\n\n\n\n<p>La dependencia revel\u00f3 que en el aeropuerto del Norte indicaron que la aeronave ven\u00eda de Lancaster, TX con destino a ese puerto a\u00e9reo en la carretera a Laredo, al norte de la zona metropolitana de Monterrey.&nbsp;<\/p>\n\n\n\n<p>Inicialmente se hab\u00eda informado de la torre de control que no hab\u00eda aterrizado, por lo que se movilizaron unidades de Protecci\u00f3n Civil Nuevo Le\u00f3n en coordinaci\u00f3n con PC Vallecillo y PC Sabinas Hidalgo.<\/p>\n\n\n\n<p>Inclusive los elementos de Protecci\u00f3n Civil del municipio de Sabinas Hidalgo, recibieron&nbsp; la llamada de personas de un rancho aleda\u00f1o que les avis\u00f3 de la ca\u00edda de la aeronave.<\/p>\n\n\n\n<p>Despu\u00e9s las autoridades reportaron la ca\u00edda de una aeronave en el municipio de Vallecillo, con dos ocupantes lesionados que viajaban en un Beechcraft 55 Baron.<\/p>\n\n\n\n<p>El aeropuerto internacional Del Norte es utilizado por grupos empresariales que tienen en ese lugar sus aviones y helic\u00f3pteros, y por a\u00f1os fue comercial hasta que se construy\u00f3 el actual Mariano Escobedo.&nbsp;<\/p>\n","protected":false},"excerpt":{"rendered":"<p>Vallecillo.- Una aeronave que proced\u00eda de Texas cay\u00f3 en un paraje cercano al&nbsp; Ejido Colorados de Arriba, en este municipio a 121 kil\u00f3metros al norte de Monterrey.&nbsp; En el accidente la aeronave se incendi\u00f3 y dos personas que viajaban en la misma resultaron lesionadas, inform\u00f3 Protecci\u00f3n Civil de Nuevo Le\u00f3n.&nbsp; La dependencia revel\u00f3 que en [&hellip;]<\/p>\n","protected":false},"author":1,"featured_media":63398,"comment_status":"open","ping_status":"open","sticky":true,"template":"","format":"standard","meta":{"footnotes":""},"categories":[6,3],"tags":[],"_links":{"self":[{"href":"https:\/\/diariodigitalmx.com\/index.php\/wp-json\/wp\/v2\/posts\/63396"}],"collection":[{"href":"https:\/\/diariodigitalmx.com\/index.php\/wp-json\/wp\/v2\/posts"}],"about":[{"href":"https:\/\/diariodigitalmx.com\/index.php\/wp-json\/wp\/v2\/types\/post"}],"author":[{"embeddable":true,"href":"https:\/\/diariodigitalmx.com\/index.php\/wp-json\/wp\/v2\/users\/1"}],"replies":[{"embeddable":true,"href":"https:\/\/diariodigitalmx.com\/index.php\/wp-json\/wp\/v2\/comments?post=63396"}],"version-history":[{"count":2,"href":"https:\/\/diariodigitalmx.com\/index.php\/wp-json\/wp\/v2\/posts\/63396\/revisions"}],"predecessor-version":[{"id":63401,"href":"https:\/\/diariodigitalmx.com\/index.php\/wp-json\/wp\/v2\/posts\/63396\/revisions\/63401"}],"wp:featuredmedia":[{"embeddable":true,"href":"https:\/\/diariodigitalmx.com\/index.php\/wp-json\/wp\/v2\/media\/63398"}],"wp:attachment":[{"href":"https:\/\/diariodigitalmx.com\/index.php\/wp-json\/wp\/v2\/media?parent=63396"}],"wp:term":[{"taxonomy":"category","embeddable":true,"href":"https:\/\/diariodigitalmx.com\/index.php\/wp-json\/wp\/v2\/categories?post=63396"},{"taxonomy":"post_tag","embeddable":true,"href":"https:\/\/diariodigitalmx.com\/index.php\/wp-json\/wp\/v2\/tags?post=63396"}],"curies":[{"name":"wp","href":"https:\/\/api.w.org\/{rel}","templated":true}]}}