{"id":63402,"date":"2021-10-04T21:36:23","date_gmt":"2021-10-05T02:36:23","guid":{"rendered":"http:\/\/diariodigitalmx.com\/?p=63402"},"modified":"2021-10-04T21:37:05","modified_gmt":"2021-10-05T02:37:05","slug":"reivindica-samuel-a-el-bronco","status":"publish","type":"post","link":"https:\/\/diariodigitalmx.com\/index.php\/2021\/10\/04\/reivindica-samuel-a-el-bronco\/","title":{"rendered":"Reivindica Samuel a \u201cEl Bronco\u201d"},"content":{"rendered":"\n<p>Por Salvador Hern\u00e1ndez <strong><em>LANDEROS<\/em><\/strong><\/p>\n\n\n\n<p>Retomo una frase que cuelga en una de las paredes de mi refugio, <strong><em>un espacio que muchos, en forma muy ordinaria, le llamamos biblioteca.<\/em><\/strong><\/p>\n\n\n\n<p>No tengo idea de qui\u00e9n es la frase, ni me la atribuyo. <strong><em>\u201cEl silencio oportuno sigue siendo un lenguaje maravilloso que muy pocos aprenden\u201d.<\/em><\/strong><\/p>\n\n\n\n<p>A nuestro nuevo gobernador le da mucho por hablar. <strong><em>Lo escuch\u00e9 decir en la televisi\u00f3n que \u201ccon los mejores hombres del Estado (en su gabinete) iba a trabajar<\/em><\/strong>\u201d.&nbsp;<\/p>\n\n\n\n<p>Sin ser mis\u00f3gino y sin querer ofender al resto de los hombres de NL, <strong><em>de seguro quiso decir que conform\u00f3 su gabinete con los mejores perfiles que le recomendaron en la IP, as\u00ed como con sus compadres y amigos.&nbsp;<\/em><\/strong><\/p>\n\n\n\n<p><strong><em>Pero si entre esos mejores elementos para repetir en el cargo est\u00e1n el tesorero Carlos Garza y Aldo Fasci en la seguridad, nos cambia todo el pasado<\/em><\/strong>.<\/p>\n\n\n\n<p>Quienes juzgamos a \u201cEl Bronco\u201d, <strong><em>le debemos una disculpa. Su administraci\u00f3n fue honesta y los muertos y robos, fueron calentura de los medios<\/em><\/strong>.<\/p>\n\n\n\n<p>En su gobierno no hubo \u201ccobijagate\u201d. Tampoco \u201cBronco-suegra\u201d y ni siquiera el \u201cDronco fraude\u201d <strong><em>y queda exonerado de su guajiro sue\u00f1o presidencial.<\/em><\/strong>&nbsp;<\/p>\n\n\n\n<p>Jaime Rodr\u00edguez no tiene porqu\u00e9 huir del Estado como lo hizo Rodrigo Medina. <strong><em>Qui\u00e9n lo acuse de corrupto, nom\u00e1s que le pregunte a Samuel o al tesorero<\/em><\/strong>.<\/p>\n\n\n\n<p><strong><em>Reivindicar a \u201cEl Bronco\u201d a trav\u00e9s de Carlos Garza y Aldo Fasci, pone en entredicho la credibilidad del peri\u00f3dico El Norte, que, en los \u00faltimos tres a\u00f1os, barri\u00f3 y trape\u00f3 con su honorabilidad como gobernador<\/em><\/strong>.<\/p>\n\n\n\n<p>Que desprestigi\u00f3 para este y otros medios ante sus lectores, <strong><em>quienes, durante esos a\u00f1os, todo parece indicar, s\u00f3lo nos vendieron mentiras y noticias falsas<\/em><\/strong>.<\/p>\n\n\n\n<p><a href=\"mailto:chavalolanderos@yahoo.com.mx\">chavalolanderos@yahoo.com.mx<\/a><\/p>\n","protected":false},"excerpt":{"rendered":"<p>Por Salvador Hern\u00e1ndez LANDEROS Retomo una frase que cuelga en una de las paredes de mi refugio, un espacio que muchos, en forma muy ordinaria, le llamamos biblioteca. No tengo idea de qui\u00e9n es la frase, ni me la atribuyo. \u201cEl silencio oportuno sigue siendo un lenguaje maravilloso que muy pocos aprenden\u201d. A nuestro nuevo [&hellip;]<\/p>\n","protected":false},"author":1,"featured_media":63404,"comment_status":"open","ping_status":"open","sticky":true,"template":"","format":"standard","meta":{"footnotes":""},"categories":[12,3],"tags":[],"_links":{"self":[{"href":"https:\/\/diariodigitalmx.com\/index.php\/wp-json\/wp\/v2\/posts\/63402"}],"collection":[{"href":"https:\/\/diariodigitalmx.com\/index.php\/wp-json\/wp\/v2\/posts"}],"about":[{"href":"https:\/\/diariodigitalmx.com\/index.php\/wp-json\/wp\/v2\/types\/post"}],"author":[{"embeddable":true,"href":"https:\/\/diariodigitalmx.com\/index.php\/wp-json\/wp\/v2\/users\/1"}],"replies":[{"embeddable":true,"href":"https:\/\/diariodigitalmx.com\/index.php\/wp-json\/wp\/v2\/comments?post=63402"}],"version-history":[{"count":1,"href":"https:\/\/diariodigitalmx.com\/index.php\/wp-json\/wp\/v2\/posts\/63402\/revisions"}],"predecessor-version":[{"id":63403,"href":"https:\/\/diariodigitalmx.com\/index.php\/wp-json\/wp\/v2\/posts\/63402\/revisions\/63403"}],"wp:featuredmedia":[{"embeddable":true,"href":"https:\/\/diariodigitalmx.com\/index.php\/wp-json\/wp\/v2\/media\/63404"}],"wp:attachment":[{"href":"https:\/\/diariodigitalmx.com\/index.php\/wp-json\/wp\/v2\/media?parent=63402"}],"wp:term":[{"taxonomy":"category","embeddable":true,"href":"https:\/\/diariodigitalmx.com\/index.php\/wp-json\/wp\/v2\/categories?post=63402"},{"taxonomy":"post_tag","embeddable":true,"href":"https:\/\/diariodigitalmx.com\/index.php\/wp-json\/wp\/v2\/tags?post=63402"}],"curies":[{"name":"wp","href":"https:\/\/api.w.org\/{rel}","templated":true}]}}