{"id":63437,"date":"2021-10-05T05:32:05","date_gmt":"2021-10-05T10:32:05","guid":{"rendered":"http:\/\/diariodigitalmx.com\/?p=63437"},"modified":"2021-10-05T05:35:46","modified_gmt":"2021-10-05T10:35:46","slug":"de-frente-y-de-perfil-2","status":"publish","type":"post","link":"https:\/\/diariodigitalmx.com\/index.php\/2021\/10\/05\/de-frente-y-de-perfil-2\/","title":{"rendered":"De frente y de perfil"},"content":{"rendered":"\n<p>Ram\u00f3n Zurita Sahag\u00fan <\/p>\n\n\n\n<p>LOS OTROS PROSPECTOS<\/p>\n\n\n\n<p>La sucesi\u00f3n presidencial ya est\u00e1 en marcha y las candidaturas de los partidos empiezan a ser disputadas por una serie de personajes que no comulgan con la 4T y buscan los caminos de una nominaci\u00f3n para disputarla al aspirante que presente MORENA.<\/p>\n\n\n\n<p>Es ampliamente conocido que el destapador de los aspirantes de MORENA fue el propio Ejecutivo federal, quien devel\u00f3 una serie de nombres como los elementos principales que disputar\u00edan la candidatura del Movimiento de Regeneraci\u00f3n Nacional. Claro que el Presidente se refiri\u00f3 solamente a aquellos que son militantes de MORENA o aliados que participan dentro del gobierno que \u00e9l encabeza.<\/p>\n\n\n\n<p>Dej\u00f3 de lado que algunos de los partidos aliados contar\u00e1n con un prospecto adecuado a la Cuarta Transformaci\u00f3n que pudiese ser incluido dentro del selecto grupo.<\/p>\n\n\n\n<p>El banderazo de salida fue atendido no solamente por los mencionados, sino que otros elementos se sintieron con la preparaci\u00f3n necesaria para entrar en la competencia, aunque sin contar con el aval presidencial.<\/p>\n\n\n\n<p>El principal de ellos es Ricardo Monreal \u00c1vila, coordinador de la mayor\u00eda senatorial de MORENA y ex gobernador de Zacatecas, varias veces senador y diputado federal, quien alz\u00f3 la mano y pas\u00f3 lista de presentes, afirmando que el estar\u00e1 en la boleta presidencial.<\/p>\n\n\n\n<p>Sin embargo, al margen de los mencionados por el Presidente L\u00f3pez Obrador surgen otros prospectos que, con menos posibilidades en la actualidad, se encuentran inmiscuidos de lleno en la b\u00fasqueda de una nominaci\u00f3n, sea por un partido, por una alianza o de la forma que encuentren.<\/p>\n\n\n\n<p>Los pol\u00edticos mencionados por el Presidente son: Claudia Sheinbaum, Jefa de Gobierno de la CDMX; Tatiana Clouthier, secretaria de Econom\u00eda; Marcelo Ebrard, secretario de Relaciones Exteriores; esteban Moctezuma, Embajador de M\u00e9xico en Estados Unidos; Roc\u00edo Nahle, secretaria de Energ\u00eda y Juan Ram\u00f3n de la Fuente y algunos han agregado el nombre del reci\u00e9n designado secretario de Gobernaci\u00f3n, Ad\u00e1n Augusto L\u00f3pez. Entre ellos o alg\u00fan otro que se a\u00f1ade recaer\u00e1 la nominaci\u00f3n del candidato de MORENA.<\/p>\n\n\n\n<p>\u00bfPero, los otros partidos se quedar\u00e1n cruzados de brazos ante las pocas posibilidades que se le dan de competir con posibilidades de triunfo? Aparentemente no y ya hay algunos que ven en 2024 la oportunidad anhelada para buscar la Presidencia de la Rep\u00fablica.<\/p>\n\n\n\n<p>Es un conjunto de personajes variopinto que, a la distancia, son vistos como lejanos a ganar la nominaci\u00f3n de sus partidos y entrar en la competencia presidencial.<\/p>\n\n\n\n<p>Ricardo Anaya Cort\u00e9s, quien enfrenta acusaciones legales, alzo hace tiempo la mano para participar nuevamente como candidato (fue vencido en 2018), aunque se considera que los problemas jur\u00eddicos que enfrenta le har\u00e1n imposible que participe nuevamente.<\/p>\n\n\n\n<p>Aqu\u00ed entra como elemento sustituto Marko Cort\u00e9s, dirigente nacional del Partido Acci\u00f3n Nacional, quien cuenta con la mejor plataforma para convertirse en candidato.<\/p>\n\n\n\n<p>Margarita Zavala, diputada federal, se encuentra en un embrollo, ya que se ve dif\u00edcil que el PAN la acepte como su candidata presidencial y la b\u00fasqueda de una nominaci\u00f3n independiente ya comprob\u00f3 lo dif\u00edcil que resulta.<\/p>\n\n\n\n<p>Enrique de la Madrid, ex secretario de Turismo, anhela que los priistas lo consideren como un posible contendiente presidencial, aunque recibe, simplemente la indiferencia. El particip\u00f3 activamente en las campa\u00f1as de algunos candidatos que como Mario Zamora y Ernesto G\u00e1ndara fueron vapuleados por los candidatos a gobernadores de la 4T.<\/p>\n\n\n\n<p>Otros m\u00e1s como Jaime Rodr\u00edguez Calder\u00f3n (Bronco), manifiestan su intenci\u00f3n de repetir como candidato independiente, aunque a \u00e9l se le viene el mundo encima, con la investigaci\u00f3n que realizar\u00e1 sobre su administraci\u00f3n el nuevo gobernador de Nuevo Le\u00f3n, Samuel Garc\u00eda.<\/p>\n\n\n\n<p>Otro que deshoja la margarita es Manuel Velasco que desde el sexenio pasado trae una estrategia que le permita entrar en la competencia y aprovechar la probable fractura de MORENA, para subirse al cuadril\u00e1tero de la sucesi\u00f3n presidencial. Por dinero no para, ya que las arcas del senador y coordinador del Partido Verde se encuentran llena y alcanzan para cubrir los gastos de una campa\u00f1a presidencial. Se habla de las alianzas que se encuentra haciendo con algunos personajes del priismo y de otros partidos para conformar una estrategia que le sirva de plataforma de lanzamiento.<\/p>\n\n\n\n<p>Se espera que surjan pronto otros aspirantes que saltar\u00e1n de las gubernaturas para buscar ser considerados dentro del paquete de prospectos presidenciales.<\/p>\n\n\n\n<pre class=\"wp-block-code\"><code>                                                       \u2026\u2026\u2026\u2026\u2026\u2026\u2026\u2026.. <\/code><\/pre>\n\n\n\n<p>No son pocos los que atribuyen al subsecretario de Gobierno de Puebla, Ardelio Vargas, el problema surgido en los reproches de ciudadanos hacia el Presidente de la Rep\u00fablica. Ardelio es un personaje oscuro que sabe de las intrigas y de la guerra sucia y que anteriormente trabaj\u00f3 activamente para el priismo desde el CISEN y las secretar\u00edas de Seguridad P\u00fablica y que mantienen el control pol\u00edtico del estado.<\/p>\n\n\n\n<p>Email: ramonzurita44@hotmail.com<\/p>\n","protected":false},"excerpt":{"rendered":"<p>Ram\u00f3n Zurita Sahag\u00fan LOS OTROS PROSPECTOS La sucesi\u00f3n presidencial ya est\u00e1 en marcha y las candidaturas de los partidos empiezan a ser disputadas por una serie de personajes que no comulgan con la 4T y buscan los caminos de una nominaci\u00f3n para disputarla al aspirante que presente MORENA. Es ampliamente conocido que el destapador de [&hellip;]<\/p>\n","protected":false},"author":1,"featured_media":63439,"comment_status":"open","ping_status":"open","sticky":true,"template":"","format":"standard","meta":{"footnotes":""},"categories":[14,12],"tags":[],"_links":{"self":[{"href":"https:\/\/diariodigitalmx.com\/index.php\/wp-json\/wp\/v2\/posts\/63437"}],"collection":[{"href":"https:\/\/diariodigitalmx.com\/index.php\/wp-json\/wp\/v2\/posts"}],"about":[{"href":"https:\/\/diariodigitalmx.com\/index.php\/wp-json\/wp\/v2\/types\/post"}],"author":[{"embeddable":true,"href":"https:\/\/diariodigitalmx.com\/index.php\/wp-json\/wp\/v2\/users\/1"}],"replies":[{"embeddable":true,"href":"https:\/\/diariodigitalmx.com\/index.php\/wp-json\/wp\/v2\/comments?post=63437"}],"version-history":[{"count":1,"href":"https:\/\/diariodigitalmx.com\/index.php\/wp-json\/wp\/v2\/posts\/63437\/revisions"}],"predecessor-version":[{"id":63438,"href":"https:\/\/diariodigitalmx.com\/index.php\/wp-json\/wp\/v2\/posts\/63437\/revisions\/63438"}],"wp:featuredmedia":[{"embeddable":true,"href":"https:\/\/diariodigitalmx.com\/index.php\/wp-json\/wp\/v2\/media\/63439"}],"wp:attachment":[{"href":"https:\/\/diariodigitalmx.com\/index.php\/wp-json\/wp\/v2\/media?parent=63437"}],"wp:term":[{"taxonomy":"category","embeddable":true,"href":"https:\/\/diariodigitalmx.com\/index.php\/wp-json\/wp\/v2\/categories?post=63437"},{"taxonomy":"post_tag","embeddable":true,"href":"https:\/\/diariodigitalmx.com\/index.php\/wp-json\/wp\/v2\/tags?post=63437"}],"curies":[{"name":"wp","href":"https:\/\/api.w.org\/{rel}","templated":true}]}}