{"id":6344,"date":"2019-06-22T18:13:41","date_gmt":"2019-06-22T23:13:41","guid":{"rendered":"http:\/\/diariodigitalmx.com\/?p=6344"},"modified":"2019-06-22T18:13:42","modified_gmt":"2019-06-22T23:13:42","slug":"deja-ver-celulitis-chiquis-rivera-con-minivestido","status":"publish","type":"post","link":"https:\/\/diariodigitalmx.com\/index.php\/2019\/06\/22\/deja-ver-celulitis-chiquis-rivera-con-minivestido\/","title":{"rendered":"Deja ver celulitis Chiquis Rivera con minivestido"},"content":{"rendered":"\n<p>Chiquis Rivera es una mujer segura de si misma y ha aprendido a lidiar contra las cr\u00edticas negativas que suele recibir en redes sociales. La int\u00e9rprete de \u201cEntre Botellas\u201d hizo algo sumamente valiente cuando public\u00f3 una foto que dejaba ver lo que muchos percibir\u00edan como un defecto.<br><\/p>\n\n\n\n<p>En una foto que comparti\u00f3 la famosa se le ve con un mini vestido que deja ver todas sus piernas. Rivera cruz\u00f3 las piernas lo que dej\u00f3 en visto la celulitis y la reacci\u00f3n de ella fue la mejor ya que no fue un accidente, fue a prop\u00f3sito.<br><\/p>\n\n\n\n<p>\u201cCellu-licious? Still feel fabulicious, girl!\u201d, escribi\u00f3 en Instagram.<br><\/p>\n\n\n\n<p>Lo m\u00e1s curioso fueron los hashtags que incluy\u00f3 en la publicaci\u00f3n como \u201ccelulitis\u201d, \u201ctrabajando en mi estado f\u00edsico\u201d, \u201ctodav\u00eda me amo\u201d y el mejor de todos, \u201cmi hombre lo ama y lo gusta\u201d.<br><\/p>\n\n\n\n<p>Las reacciones de sus seguidores no se hicieron esperar expresando su apoyo. \u201cSolo las envidiosas le buscar\u00edan defectos a esta foro porque te ves preciosa\u201d, escribi\u00f3 un fan. \u201cCon esa cara tan bella quien se fija en celulitis, eres hermosa y las que te critican seguramente son modelos\u201d, otro admirador agreg\u00f3. \u201cT\u00fa eres perfecta\u201d, tambi\u00e9n se pudo leer entre los comentarios.<\/p>\n\n\n\n<p><\/p>\n","protected":false},"excerpt":{"rendered":"<p>Chiquis Rivera es una mujer segura de si misma y ha aprendido a lidiar contra las cr\u00edticas negativas que suele recibir en redes sociales. La int\u00e9rprete de \u201cEntre Botellas\u201d hizo algo sumamente valiente cuando public\u00f3 una foto que dejaba ver lo que muchos percibir\u00edan como un defecto. En una foto que comparti\u00f3 la famosa se [&hellip;]<\/p>\n","protected":false},"author":1,"featured_media":6346,"comment_status":"open","ping_status":"open","sticky":true,"template":"","format":"standard","meta":{"footnotes":""},"categories":[9],"tags":[],"_links":{"self":[{"href":"https:\/\/diariodigitalmx.com\/index.php\/wp-json\/wp\/v2\/posts\/6344"}],"collection":[{"href":"https:\/\/diariodigitalmx.com\/index.php\/wp-json\/wp\/v2\/posts"}],"about":[{"href":"https:\/\/diariodigitalmx.com\/index.php\/wp-json\/wp\/v2\/types\/post"}],"author":[{"embeddable":true,"href":"https:\/\/diariodigitalmx.com\/index.php\/wp-json\/wp\/v2\/users\/1"}],"replies":[{"embeddable":true,"href":"https:\/\/diariodigitalmx.com\/index.php\/wp-json\/wp\/v2\/comments?post=6344"}],"version-history":[{"count":1,"href":"https:\/\/diariodigitalmx.com\/index.php\/wp-json\/wp\/v2\/posts\/6344\/revisions"}],"predecessor-version":[{"id":6345,"href":"https:\/\/diariodigitalmx.com\/index.php\/wp-json\/wp\/v2\/posts\/6344\/revisions\/6345"}],"wp:featuredmedia":[{"embeddable":true,"href":"https:\/\/diariodigitalmx.com\/index.php\/wp-json\/wp\/v2\/media\/6346"}],"wp:attachment":[{"href":"https:\/\/diariodigitalmx.com\/index.php\/wp-json\/wp\/v2\/media?parent=6344"}],"wp:term":[{"taxonomy":"category","embeddable":true,"href":"https:\/\/diariodigitalmx.com\/index.php\/wp-json\/wp\/v2\/categories?post=6344"},{"taxonomy":"post_tag","embeddable":true,"href":"https:\/\/diariodigitalmx.com\/index.php\/wp-json\/wp\/v2\/tags?post=6344"}],"curies":[{"name":"wp","href":"https:\/\/api.w.org\/{rel}","templated":true}]}}