{"id":63442,"date":"2021-10-05T11:19:12","date_gmt":"2021-10-05T16:19:12","guid":{"rendered":"http:\/\/diariodigitalmx.com\/?p=63442"},"modified":"2021-10-05T11:21:54","modified_gmt":"2021-10-05T16:21:54","slug":"el-mas-joven-gobernador-de-nuevo-leon","status":"publish","type":"post","link":"https:\/\/diariodigitalmx.com\/index.php\/2021\/10\/05\/el-mas-joven-gobernador-de-nuevo-leon\/","title":{"rendered":"El m\u00e1s joven Gobernador de Nuevo Le\u00f3n"},"content":{"rendered":"\n<p>Abel Moreno L\u00f3pez<\/p>\n\n\n\n<p>Un aspecto no toral, ni relevante, m\u00e1s bien anecd\u00f3tico de la asunci\u00f3n al cargo de gobernador del ciudadano Samuel Garc\u00eda, es lo que deriva de una frase desafortunada que mencion\u00f3 en su discurso y sobre la que insisti\u00f3 ante los medios, y de la cual realizo este apunte.&nbsp;<\/p>\n\n\n\n<p>Afirm\u00f3 de manera muy convincente que a sus 33 a\u00f1os (y 9 meses) de edad, es el \u201cgobernador m\u00e1s joven en la historia de Nuevo Le\u00f3n\u201d.<\/p>\n\n\n\n<p>Hablando de Nuevo Le\u00f3n el recuento de gobernadores inicia hacia 1824, por ello se concluye que lo afirmado&nbsp;no es del todo cierto y hay, considerando solo a los que han rendido protesta ante el Congreso del Estado, por lo menos, siete casos que a simple vista desmienten lo dicho.&nbsp;<\/p>\n\n\n\n<p>Estos son m\u00e1s j\u00f3venes.<\/p>\n\n\n\n<p>Primer caso: en 1922, tras ser desaforado el gobernador Juan M. Garc\u00eda, el Congreso eligi\u00f3 como Gobernador Constitucional Interino al doctor Ramiro Tamez, quien tom\u00f3&nbsp;posesi\u00f3n en 4 de abril de ese a\u00f1o. Tamez hab\u00eda nacido el 18 de enero de 1889, ten\u00eda por lo tanto al momento de asumir el cargo 33 a\u00f1os 2 meses y 17 d\u00edas\u2026<\/p>\n\n\n\n<p>Segundo caso: Jos\u00e9 Mar\u00eda Par\u00e1s y Ballesteros, fue el primer Gobernador Constitucional del Estado, el naci\u00f3 el 16 de abril de 1794 y asumi\u00f3 el cargo el 15 de&nbsp;junio de 1825, es decir que al momento de asumir por primera vez el cargo ten\u00eda 31 a\u00f1os y dos meses.<\/p>\n\n\n\n<p>Tercer caso: El 27 de diciembre de 1933, tom\u00f3 posesi\u00f3n como Gobernador Constitucional Sustituto de Nuevo Le\u00f3n, tras la renuncia de su titular Francisco A. C\u00e1rdenas, el licenciado Pablo H. Quiroga Trevi\u00f1o, quien hab\u00eda nacido el 25 de enero&nbsp;de 1903, por lo que su edad al tomar posesi\u00f3n era de 30 a\u00f1os y 11 meses.<\/p>\n\n\n\n<p>Cuarto caso: El licenciado Eduardo Livas Villarreal, aun cuando fue Gobernador Constitucional en el periodo 1961-1967, hab\u00eda sido, por decisi\u00f3n del Congreso del&nbsp;Estado, Gobernador Constitucional Interino en seis ocasiones entre 1941 y 1942, la primera de ellas fue el 26 de noviembre de 1941. El licenciado Livas naci\u00f3 el 21 de&nbsp;enero de 1911, por lo que ten\u00eda para la fecha de asumir el cargo, la edad de 30 a\u00f1os y 10 meses.&nbsp;<\/p>\n\n\n\n<p>Quinto caso: El 4 de octubre de 1919, asumi\u00f3 el cargo de Gobernador Constitucional&nbsp;de Nuevo Le\u00f3n, el general Jos\u00e9 E. Santos, \u00e9l hab\u00eda nacido el 8 de junio de 1889, por lo que al tomar posesi\u00f3n del cargo de gobernador, ten\u00eda 30 a\u00f1os, tres meses y 26 d\u00edas de edad.<\/p>\n\n\n\n<p>Sexto caso: En el periodo gubernamental de Aar\u00f3n S\u00e1enz uno de los personajes que fungi\u00f3 como Gobernador Constitucional Interino fue el joven licenciado Generoso&nbsp;Chapa Garza, ten\u00eda 27 a\u00f1os con 11 meses y medio, cuando asumi\u00f3 el cargo el 2 de junio de 1929. \u00c9l hab\u00eda nacido el 17 de junio de 1901.<\/p>\n\n\n\n<p>S\u00e9ptimo caso: Ingeniero Plutarco El\u00edas Calles Chac\u00f3n aunque las elecciones de 1935 en que contendi\u00f3 se anularon, antes hab\u00eda sido Gobernador Constitucional&nbsp;Interino cubriendo ausencias del Gobernador Aar\u00f3n S\u00e1enz. Naci\u00f3 el 28 de julio de 1901 y asumi\u00f3 el cargo el 26 de abril de 1929, es decir ten\u00eda 27 a\u00f1os y 9 meses de edad.<\/p>\n\n\n\n<p>De entre estos casos, resulta que el gobernador m\u00e1s joven en la historia del Estado de Nuevo Le\u00f3n ha&nbsp;sido el ingeniero Plutarco El\u00edas Calles Chac\u00f3n.<\/p>\n\n\n\n<p>El actual Gobernador no es el m\u00e1s joven de la historia, pero a\u00fan puede ser el Mejor, pero esa es una&nbsp;historia a\u00fan por escribirse\u2026<\/p>\n","protected":false},"excerpt":{"rendered":"<p>Abel Moreno L\u00f3pez Un aspecto no toral, ni relevante, m\u00e1s bien anecd\u00f3tico de la asunci\u00f3n al cargo de gobernador del ciudadano Samuel Garc\u00eda, es lo que deriva de una frase desafortunada que mencion\u00f3 en su discurso y sobre la que insisti\u00f3 ante los medios, y de la cual realizo este apunte.&nbsp; Afirm\u00f3 de manera muy [&hellip;]<\/p>\n","protected":false},"author":1,"featured_media":63446,"comment_status":"open","ping_status":"open","sticky":true,"template":"","format":"standard","meta":{"footnotes":""},"categories":[11,3],"tags":[],"_links":{"self":[{"href":"https:\/\/diariodigitalmx.com\/index.php\/wp-json\/wp\/v2\/posts\/63442"}],"collection":[{"href":"https:\/\/diariodigitalmx.com\/index.php\/wp-json\/wp\/v2\/posts"}],"about":[{"href":"https:\/\/diariodigitalmx.com\/index.php\/wp-json\/wp\/v2\/types\/post"}],"author":[{"embeddable":true,"href":"https:\/\/diariodigitalmx.com\/index.php\/wp-json\/wp\/v2\/users\/1"}],"replies":[{"embeddable":true,"href":"https:\/\/diariodigitalmx.com\/index.php\/wp-json\/wp\/v2\/comments?post=63442"}],"version-history":[{"count":3,"href":"https:\/\/diariodigitalmx.com\/index.php\/wp-json\/wp\/v2\/posts\/63442\/revisions"}],"predecessor-version":[{"id":63447,"href":"https:\/\/diariodigitalmx.com\/index.php\/wp-json\/wp\/v2\/posts\/63442\/revisions\/63447"}],"wp:featuredmedia":[{"embeddable":true,"href":"https:\/\/diariodigitalmx.com\/index.php\/wp-json\/wp\/v2\/media\/63446"}],"wp:attachment":[{"href":"https:\/\/diariodigitalmx.com\/index.php\/wp-json\/wp\/v2\/media?parent=63442"}],"wp:term":[{"taxonomy":"category","embeddable":true,"href":"https:\/\/diariodigitalmx.com\/index.php\/wp-json\/wp\/v2\/categories?post=63442"},{"taxonomy":"post_tag","embeddable":true,"href":"https:\/\/diariodigitalmx.com\/index.php\/wp-json\/wp\/v2\/tags?post=63442"}],"curies":[{"name":"wp","href":"https:\/\/api.w.org\/{rel}","templated":true}]}}