{"id":63453,"date":"2021-10-05T15:41:41","date_gmt":"2021-10-05T20:41:41","guid":{"rendered":"http:\/\/diariodigitalmx.com\/?p=63453"},"modified":"2021-10-05T15:43:14","modified_gmt":"2021-10-05T20:43:14","slug":"exigira-la-asociacion-libertad-de-un-pueblo-al-nuevo-gobierno-de-samuel-garcia-juicio-politico-contra-el-bronco","status":"publish","type":"post","link":"https:\/\/diariodigitalmx.com\/index.php\/2021\/10\/05\/exigira-la-asociacion-libertad-de-un-pueblo-al-nuevo-gobierno-de-samuel-garcia-juicio-politico-contra-el-bronco\/","title":{"rendered":"Exigir\u00e1 la Asociaci\u00f3n Libertad de un Pueblo al nuevo gobierno de Samuel Garc\u00eda, juicio pol\u00edtico contra El Bronco"},"content":{"rendered":"\n<p><\/p>\n\n\n\n<p>&nbsp;Por: Francisco J. Pe\u00f1a Medina<\/p>\n\n\n\n<p>&nbsp;&nbsp;&nbsp;&nbsp;&nbsp;&nbsp;Tan pronto Samuel Alejandro Garc\u00eda Sep\u00falveda asumi\u00f3 el mando de la gubernatura de Nuevo Le\u00f3n la Asociaci\u00f3n Libertad de un Pueblo le exigi\u00f3 al nuevo mandatario se inicie un juicio pol\u00edtico en contra del gobernador Jaime Rodr\u00edguez Calder\u00f3n El Bronco con el fin de que se investiguen los actos de corrupci\u00f3n cometidos durante su administraci\u00f3n.<\/p>\n\n\n\n<p>&nbsp;&nbsp;&nbsp;El activista social y dirigente de la agrupaci\u00f3n, Yuri Vanegas Menchaca se\u00f1al\u00f3 que la agrupaci\u00f3n que representa solicitar\u00e1 la realizaci\u00f3n de un arqueo financiero para que se aclare el manejo de los recursos p\u00fablicos en cada una de las dependencias del gobierno que reci\u00e9n acaba de concluir.<\/p>\n\n\n\n<p>&nbsp;&nbsp;&nbsp;&nbsp;\u201cFundamentado en el Articulo 12 de la Ley de Juicio Pol\u00edtico del Estado de Nuevo Le\u00f3n, en el sentido de que se puede promover este juicio a un servidor publico desempe\u00f1ando su empleo o cargo, o dentro del primer a\u00f1o de haber concluido sus funciones; estamos hablando del caso espec\u00edfico de Jaime Rodr\u00edguez, que fundamentado en este art\u00edculo, a pesar de que ha dejado el cargo todav\u00eda tenemos hasta antes de un a\u00f1o para promoverlo\u201d.<\/p>\n\n\n\n<p>&nbsp;&nbsp;&nbsp;&nbsp;\u201cPara que se realice un arqueo financiero tanto de todos los rubros del Estado, como son las paraestatales desde Agua y Drenaje, Metrorrey, el mismo ISSTELEON, pero tambi\u00e9n que se haga un arqueo de los bienes adquiridos durante los seis a\u00f1os, por parte de Jaime Rodr\u00edguez; que se haga una investigaci\u00f3n exhaustiva, inclusive, que se integre una comisi\u00f3n especial para que se realice la investigaci\u00f3n\u201d, precis\u00f3 el tambi\u00e9n presidente del Comedor &#8220;Agapito Trevi\u00f1o&#8221;.<\/p>\n\n\n\n<p>&nbsp;&nbsp;&nbsp;Por lo pronto, este mi\u00e9rcoles 6 de octubre a las 10:30 de la ma\u00f1ana, en compa\u00f1\u00eda de su hermano Jacobo, tambi\u00e9n abogado y luchador social; Yuri Vanegas acudir\u00e1 al Congreso del Estado para concretar la petici\u00f3n de Juicio Pol\u00edtico en contra del exgobernador independiente.<\/p>\n\n\n\n<p>&nbsp;&nbsp;&nbsp;&nbsp;\u201cEntonces nosotros vamos a hacer la exigencia ante el Congreso del Estado con vista al ya llamado gobernador Samuel Garc\u00eda, que se tiene que investigar que no se puede ir impune\u201d, afirm\u00f3 Vanegas Menchaca.<\/p>\n\n\n\n<p>&nbsp;&nbsp;&nbsp;&nbsp;&nbsp;-. \u00bfEsto seria una prueba de fuego para el nuevo gobernador?, se le pregunta.<\/p>\n\n\n\n<p>&nbsp;&nbsp;&nbsp;\u201cClaro, porque vamos a ver si es cierto lo que \u00e9l muchas veces pregon\u00f3, \u00e9l como diputado y como senador en distintas ocasiones present\u00f3 denuncias contra la administraci\u00f3n de Jaime Rodr\u00edguez, bueno ahora ya es gobernador, vamos a ver si las ejecuta, \u00e9l puede ser el ejecutor y ah\u00ed nos vamos a dar cuenta si es c\u00f3mplice o no de la administraci\u00f3n de Jaime Rodr\u00edguez\u201d, se\u00f1al\u00f3.<\/p>\n\n\n\n<p>&nbsp;&nbsp;&nbsp;&nbsp;En ese sentido, Yuri Vanegas cuestiono la ratificaci\u00f3n que hizo Samuel Garc\u00eda de dos prominentes funcionarios del pasado gobierno: El tesorero Carlos Garza que a pesar de que la administraci\u00f3n anterior dej\u00f3 un d\u00e9ficit de 80 mil millones de pesos repetir\u00e1 en el cargo y de Aldo Fasci Zuazua quien como Secretario de Seguridad Publica ha sido incapaz de frenar la ola de violencia y los \u00edndices delictivos que enfrenta el Estado.<\/p>\n\n\n\n<p>Te compartimos la entrevista que ofreci\u00f3 Yuri Vanegas al programa El Eskaparate&nbsp; donde profundizo en el tema solo dale click a esta liga:&nbsp;<\/p>\n\n\n\n<figure class=\"wp-block-embed is-type-video is-provider-youtube wp-block-embed-youtube wp-embed-aspect-16-9 wp-has-aspect-ratio\"><div class=\"wp-block-embed__wrapper\">\n<iframe loading=\"lazy\" title=\"El eskaparate: Nuevo Leon cambia de piel\" width=\"640\" height=\"360\" src=\"https:\/\/www.youtube.com\/embed\/O6DJTvnhLAk?feature=oembed\" frameborder=\"0\" allow=\"accelerometer; autoplay; clipboard-write; encrypted-media; gyroscope; picture-in-picture; web-share\" referrerpolicy=\"strict-origin-when-cross-origin\" allowfullscreen><\/iframe>\n<\/div><\/figure>\n","protected":false},"excerpt":{"rendered":"<p>&nbsp;Por: Francisco J. Pe\u00f1a Medina &nbsp;&nbsp;&nbsp;&nbsp;&nbsp;&nbsp;Tan pronto Samuel Alejandro Garc\u00eda Sep\u00falveda asumi\u00f3 el mando de la gubernatura de Nuevo Le\u00f3n la Asociaci\u00f3n Libertad de un Pueblo le exigi\u00f3 al nuevo mandatario se inicie un juicio pol\u00edtico en contra del gobernador Jaime Rodr\u00edguez Calder\u00f3n El Bronco con el fin de que se investiguen los actos de [&hellip;]<\/p>\n","protected":false},"author":1,"featured_media":63455,"comment_status":"open","ping_status":"open","sticky":true,"template":"","format":"standard","meta":{"footnotes":""},"categories":[6,3],"tags":[],"_links":{"self":[{"href":"https:\/\/diariodigitalmx.com\/index.php\/wp-json\/wp\/v2\/posts\/63453"}],"collection":[{"href":"https:\/\/diariodigitalmx.com\/index.php\/wp-json\/wp\/v2\/posts"}],"about":[{"href":"https:\/\/diariodigitalmx.com\/index.php\/wp-json\/wp\/v2\/types\/post"}],"author":[{"embeddable":true,"href":"https:\/\/diariodigitalmx.com\/index.php\/wp-json\/wp\/v2\/users\/1"}],"replies":[{"embeddable":true,"href":"https:\/\/diariodigitalmx.com\/index.php\/wp-json\/wp\/v2\/comments?post=63453"}],"version-history":[{"count":2,"href":"https:\/\/diariodigitalmx.com\/index.php\/wp-json\/wp\/v2\/posts\/63453\/revisions"}],"predecessor-version":[{"id":63456,"href":"https:\/\/diariodigitalmx.com\/index.php\/wp-json\/wp\/v2\/posts\/63453\/revisions\/63456"}],"wp:featuredmedia":[{"embeddable":true,"href":"https:\/\/diariodigitalmx.com\/index.php\/wp-json\/wp\/v2\/media\/63455"}],"wp:attachment":[{"href":"https:\/\/diariodigitalmx.com\/index.php\/wp-json\/wp\/v2\/media?parent=63453"}],"wp:term":[{"taxonomy":"category","embeddable":true,"href":"https:\/\/diariodigitalmx.com\/index.php\/wp-json\/wp\/v2\/categories?post=63453"},{"taxonomy":"post_tag","embeddable":true,"href":"https:\/\/diariodigitalmx.com\/index.php\/wp-json\/wp\/v2\/tags?post=63453"}],"curies":[{"name":"wp","href":"https:\/\/api.w.org\/{rel}","templated":true}]}}