{"id":6347,"date":"2019-06-22T19:29:56","date_gmt":"2019-06-23T00:29:56","guid":{"rendered":"http:\/\/diariodigitalmx.com\/?p=6347"},"modified":"2019-10-18T18:12:00","modified_gmt":"2019-10-18T23:12:00","slug":"reciben-con-entusiasmo-la-preparatoria-abierta-en-cienega-de-flores-n-l","status":"publish","type":"post","link":"https:\/\/diariodigitalmx.com\/index.php\/2019\/06\/22\/reciben-con-entusiasmo-la-preparatoria-abierta-en-cienega-de-flores-n-l\/","title":{"rendered":"Reciben con entusiasmo la preparatoria abierta en Ci\u00e9nega de Flores, N. L"},"content":{"rendered":"\n<p>La preparatoria abierta lleg\u00f3 al municipio de Ci\u00e9nega de Flores, qui\u00e9n no quiere estudiar es porque no lo desea.<br><\/p>\n\n\n\n<p>El profesor Juan Antonio D\u00edaz D\u00edaz, supervisor zona 1 de la Secretar\u00eda de Educaci\u00f3n en Nuevo Le\u00f3n, atestigu\u00f3 el inicio de clases en la comunidad Villa de Alcal\u00e1, cuya directora de la sede es la doctora Esthela Medina Arias.<\/p>\n\n\n\n<p>De acuerdo a la maestra Medina son alrededor de 300 estudiantes entre j\u00f3venes, adultos y adultos mayores quienes est\u00e1n ya inscritos e iniciaron cursos para cobrar con su educaci\u00f3n preparatoria y aspirar a una carrera universitaria.<br><\/p>\n\n\n\n<p>D\u00edaz observ\u00f3 el entusiasmo de los estudiantes quienes fincaron esperanzas en el estudio y de esa forma aspirar a un mejor futuro en su vida personal y laboral.<br><\/p>\n\n\n\n<p>Los profesores D\u00edaz y Medina aprovecharon la oportunidad para visitar a Pedro Casas, alcalde de Ci\u00e9nega de Flores, para comentarle acerca del proyecto que se ha puesto en marcha en esa municipalidad.<br><\/p>\n\n\n\n<p>El edil coincidi\u00f3 con ambos en la necesidad de impulsar la educaci\u00f3n y que quienes han truncado sus estudios, puedan ahora continuarlos y concluirlos.<br><\/p>\n\n\n\n<p>Para ello, la administraci\u00f3n municipal que encabeza apoya en lo necesario para elevar la calidad educativa y que todos cuenten en Ci\u00e9nega de Flores con estudios intermedios y superiores.<\/p>\n\n\n\n<p><\/p>\n\n\n\n<p><\/p>\n\n\n\n<figure class=\"wp-block-image\"><img loading=\"lazy\" decoding=\"async\" width=\"1024\" height=\"768\" src=\"http:\/\/diariodigitalmx.com\/wp-content\/uploads\/2019\/06\/IMG-20190622-WA0003-1024x768.jpg\" alt=\"\" class=\"wp-image-6350\" srcset=\"https:\/\/diariodigitalmx.com\/wp-content\/uploads\/2019\/06\/IMG-20190622-WA0003-1024x768.jpg 1024w, https:\/\/diariodigitalmx.com\/wp-content\/uploads\/2019\/06\/IMG-20190622-WA0003-300x225.jpg 300w, https:\/\/diariodigitalmx.com\/wp-content\/uploads\/2019\/06\/IMG-20190622-WA0003-768x576.jpg 768w, https:\/\/diariodigitalmx.com\/wp-content\/uploads\/2019\/06\/IMG-20190622-WA0003.jpg 1040w\" sizes=\"(max-width: 1024px) 100vw, 1024px\" \/><\/figure>\n","protected":false},"excerpt":{"rendered":"<p>La preparatoria abierta lleg\u00f3 al municipio de Ci\u00e9nega de Flores, qui\u00e9n no quiere estudiar es porque no lo desea. El profesor Juan Antonio D\u00edaz D\u00edaz, supervisor zona 1 de la Secretar\u00eda de Educaci\u00f3n en Nuevo Le\u00f3n, atestigu\u00f3 el inicio de clases en la comunidad Villa de Alcal\u00e1, cuya directora de la sede es la doctora [&hellip;]<\/p>\n","protected":false},"author":1,"featured_media":6349,"comment_status":"open","ping_status":"open","sticky":true,"template":"","format":"standard","meta":{"footnotes":""},"categories":[6],"tags":[],"_links":{"self":[{"href":"https:\/\/diariodigitalmx.com\/index.php\/wp-json\/wp\/v2\/posts\/6347"}],"collection":[{"href":"https:\/\/diariodigitalmx.com\/index.php\/wp-json\/wp\/v2\/posts"}],"about":[{"href":"https:\/\/diariodigitalmx.com\/index.php\/wp-json\/wp\/v2\/types\/post"}],"author":[{"embeddable":true,"href":"https:\/\/diariodigitalmx.com\/index.php\/wp-json\/wp\/v2\/users\/1"}],"replies":[{"embeddable":true,"href":"https:\/\/diariodigitalmx.com\/index.php\/wp-json\/wp\/v2\/comments?post=6347"}],"version-history":[{"count":2,"href":"https:\/\/diariodigitalmx.com\/index.php\/wp-json\/wp\/v2\/posts\/6347\/revisions"}],"predecessor-version":[{"id":6351,"href":"https:\/\/diariodigitalmx.com\/index.php\/wp-json\/wp\/v2\/posts\/6347\/revisions\/6351"}],"wp:featuredmedia":[{"embeddable":true,"href":"https:\/\/diariodigitalmx.com\/index.php\/wp-json\/wp\/v2\/media\/6349"}],"wp:attachment":[{"href":"https:\/\/diariodigitalmx.com\/index.php\/wp-json\/wp\/v2\/media?parent=6347"}],"wp:term":[{"taxonomy":"category","embeddable":true,"href":"https:\/\/diariodigitalmx.com\/index.php\/wp-json\/wp\/v2\/categories?post=6347"},{"taxonomy":"post_tag","embeddable":true,"href":"https:\/\/diariodigitalmx.com\/index.php\/wp-json\/wp\/v2\/tags?post=6347"}],"curies":[{"name":"wp","href":"https:\/\/api.w.org\/{rel}","templated":true}]}}