{"id":635,"date":"2019-02-28T13:22:56","date_gmt":"2019-02-28T19:22:56","guid":{"rendered":"http:\/\/diariodigitalmx.com\/?p=635"},"modified":"2019-02-28T13:22:57","modified_gmt":"2019-02-28T19:22:57","slug":"la-gobernadora-de-puebla-martha-erika-alonso-y-el-senador-rafael-moreno-valle-fallecieron-en-un-accidente-descartan-atentado","status":"publish","type":"post","link":"https:\/\/diariodigitalmx.com\/index.php\/2019\/02\/28\/la-gobernadora-de-puebla-martha-erika-alonso-y-el-senador-rafael-moreno-valle-fallecieron-en-un-accidente-descartan-atentado\/","title":{"rendered":"La gobernadora de Puebla Martha Erika Alonso y el senador Rafael Moreno Valle fallecieron en un accidente; descartan atentado"},"content":{"rendered":"\n<p><\/p>\n\n\n\n<p><strong>Ciudad de M\u00e9xico.-&nbsp;<\/strong>El Gobierno de M\u00e9xico hizo p\u00fablico ayer el audio del accidente de helic\u00f3ptero en el que falleci\u00f3 la gobernadora de&nbsp;<strong>Puebla<\/strong>, Martha Erika Alonso, que no despeja los motivos por los cuales se accident\u00f3 la aeronave.<\/p>\n\n\n\n<p>Las comunicaciones entre el helic\u00f3ptero de la gobernadora y la torre de control comenzaron a las 20:34 hora local del 24 de diciembre, cuando la aeronave despeg\u00f3 de la casa del priista, Jos\u00e9 Chedraui Budib.<\/p>\n\n\n\n<p>A las 20:35 hora local, el helic\u00f3ptero reinici\u00f3 la radio y confirm\u00f3 a la torre de control que volver\u00eda a llamar &#8220;cruzando sobre la estaci\u00f3n&#8221;, es decir el aeropuerto de&nbsp;<strong>Puebla<\/strong>, algo que ya no ocurri\u00f3.<\/p>\n\n\n\n<p>Entre las 20:39 y las 20:49 hora local, la torre de control trat\u00f3 de establecer comunicaci\u00f3n con la aeronave en 11 ocasiones y despu\u00e9s activ\u00f3 el protocolo de emergencia para la b\u00fasqueda del helic\u00f3ptero.<\/p>\n\n\n\n<p>En el accidente, que no dej\u00f3 supervivientes, murieron la gobernadora, su esposo y exgobernador del mismo estado, Rafael&nbsp;<strong>Moreno Valle<\/strong>, un asesor del pol\u00edtico y los dos miembros de la tripulaci\u00f3n.<\/p>\n\n\n\n<p>El Gobierno public\u00f3 este audio tras la pol\u00e9mica generada despu\u00e9s de que la Secretar\u00eda de Comunicaciones y Transportes rechazara en un inicio una solicitud de transparencia llevada a cabo por medios de comunicaci\u00f3n locales.<\/p>\n\n\n\n<p>&#8220;No se dio informaci\u00f3n porque no hay nada nuevo que informar&#8221;, justific\u00f3 ante la prensa el subsecretario de Transportes, Carlos Mor\u00e1n, quien sostuvo que el Gobierno no hab\u00eda publicado el audio todav\u00eda por culpa de &#8220;procesos burocr\u00e1ticos&#8221;.<\/p>\n\n\n\n<p>Mor\u00e1n explic\u00f3 que todav\u00eda se est\u00e1n integrando los equipos de investigaci\u00f3n, con expertos mexicanos, estadounidenses, canadienses e italianos, para que en marzo se abran los motores de la aeronave accidentada.<\/p>\n\n\n\n<p>El subsecretario sostuvo en rueda de prensa en el Palacio Nacional que este tipo de investigaciones suelen durar entre uno y dos a\u00f1os, aunque confi\u00f3 en que los resultados se puedan presentar antes de finalizar 2019.<\/p>\n\n\n\n<p>&#8220;No tenemos indicio de que haya ninguna manipulaci\u00f3n externa; no hay ninguna informaci\u00f3n en ese sentido&#8221;, dijo sobre las teor\u00edas de conspiraci\u00f3n que apuntan a que la tragedia habr\u00eda sido provocada.<\/p>\n\n\n\n<p>Previamente, el secretario de Comunicaciones y Transportes, Javier Jim\u00e9nez Espri\u00fa, asever\u00f3 en una breve intervenci\u00f3n que durante la investigaci\u00f3n habr\u00e1 &#8220;absoluta transparencia&#8221; y prometi\u00f3 que se evitar\u00e1 el &#8220;ocultamiento&#8221; de informaci\u00f3n.<\/p>\n\n\n\n<p>Martha Erika Alonso, del opositor Partido Acci\u00f3n Nacional (PAN), asumi\u00f3 el 14 de diciembre pasado la gobernaci\u00f3n de&nbsp;<strong>Puebla<\/strong>&nbsp;luego de una larga controversia electoral con el izquierdista Movimiento Regeneraci\u00f3n Nacional (Morena), del presidente Andr\u00e9s Manuel L\u00f3pez Obrador.<\/p>\n\n\n\n<p>D\u00edas despu\u00e9s del incidente, sucedido en Nochebuena, L\u00f3pez Obrador rechaz\u00f3 las teor\u00edas de la conspiraci\u00f3n que apuntan a su Gobierno y a su partido como causante de la tragedia.<\/p>\n\n\n\n<p><strong>CELEBRA PUBLICACI\u00d3N DE&nbsp;AUDIOS<\/strong><\/p>\n\n\n\n<p>El l\u00edder del PAN, Marko Cort\u00e9s, celebr\u00f3 que el Gobierno haya publicado el audio del accidente tras la &#8220;exigencia&#8221; de la oposici\u00f3n y de los familiares de las v\u00edctimas.<\/p>\n\n\n\n<p>&#8220;Es evidente que hay una enorme lentitud en este proceso de investigaci\u00f3n que como hemos dicho genera sospechas, dudas y suspicacias&#8221;, finaliz\u00f3.<\/p>\n","protected":false},"excerpt":{"rendered":"<p>Ciudad de M\u00e9xico.-&nbsp;El Gobierno de M\u00e9xico hizo p\u00fablico ayer el audio del accidente de helic\u00f3ptero en el que falleci\u00f3 la gobernadora de&nbsp;Puebla, Martha Erika Alonso, que no despeja los motivos por los cuales se accident\u00f3 la aeronave. Las comunicaciones entre el helic\u00f3ptero de la gobernadora y la torre de control comenzaron a las 20:34 hora [&hellip;]<\/p>\n","protected":false},"author":1,"featured_media":636,"comment_status":"open","ping_status":"open","sticky":true,"template":"","format":"standard","meta":{"footnotes":""},"categories":[2,3],"tags":[],"_links":{"self":[{"href":"https:\/\/diariodigitalmx.com\/index.php\/wp-json\/wp\/v2\/posts\/635"}],"collection":[{"href":"https:\/\/diariodigitalmx.com\/index.php\/wp-json\/wp\/v2\/posts"}],"about":[{"href":"https:\/\/diariodigitalmx.com\/index.php\/wp-json\/wp\/v2\/types\/post"}],"author":[{"embeddable":true,"href":"https:\/\/diariodigitalmx.com\/index.php\/wp-json\/wp\/v2\/users\/1"}],"replies":[{"embeddable":true,"href":"https:\/\/diariodigitalmx.com\/index.php\/wp-json\/wp\/v2\/comments?post=635"}],"version-history":[{"count":1,"href":"https:\/\/diariodigitalmx.com\/index.php\/wp-json\/wp\/v2\/posts\/635\/revisions"}],"predecessor-version":[{"id":637,"href":"https:\/\/diariodigitalmx.com\/index.php\/wp-json\/wp\/v2\/posts\/635\/revisions\/637"}],"wp:featuredmedia":[{"embeddable":true,"href":"https:\/\/diariodigitalmx.com\/index.php\/wp-json\/wp\/v2\/media\/636"}],"wp:attachment":[{"href":"https:\/\/diariodigitalmx.com\/index.php\/wp-json\/wp\/v2\/media?parent=635"}],"wp:term":[{"taxonomy":"category","embeddable":true,"href":"https:\/\/diariodigitalmx.com\/index.php\/wp-json\/wp\/v2\/categories?post=635"},{"taxonomy":"post_tag","embeddable":true,"href":"https:\/\/diariodigitalmx.com\/index.php\/wp-json\/wp\/v2\/tags?post=635"}],"curies":[{"name":"wp","href":"https:\/\/api.w.org\/{rel}","templated":true}]}}