{"id":63501,"date":"2021-10-06T16:37:34","date_gmt":"2021-10-06T21:37:34","guid":{"rendered":"http:\/\/diariodigitalmx.com\/?p=63501"},"modified":"2021-10-06T16:40:14","modified_gmt":"2021-10-06T21:40:14","slug":"retorno-de-personas-migrantes-originarias-de-haiti","status":"publish","type":"post","link":"https:\/\/diariodigitalmx.com\/index.php\/2021\/10\/06\/retorno-de-personas-migrantes-originarias-de-haiti\/","title":{"rendered":"Retorno de personas migrantes originarias de Hait\u00ed"},"content":{"rendered":"\n<figure class=\"wp-block-video\"><video controls src=\"http:\/\/diariodigitalmx.com\/wp-content\/uploads\/2021\/10\/VID-20211006-WA0020.mp4\"><\/video><\/figure>\n\n\n\n<p>\u2022 Refrenda INM compromiso por una migraci\u00f3n segura, ordenada y regular<\/p>\n\n\n\n<p>\u2022 Tambi\u00e9n para fortalecer la cooperaci\u00f3n entre el Gobierno de M\u00e9xico y otras naciones a favor de quienes se encuentran en contexto de movilidad<\/p>\n\n\n\n<p>E Instituto Nacional de Migraci\u00f3n (INM) llev\u00f3 a cabo el retorno de personas migrantes originarias de Hait\u00ed, con apego a los derechos humanos y en acuerdo con autoridades consulares de ese pa\u00eds.<\/p>\n\n\n\n<p>El vuelo parti\u00f3 desde Tapachula, Chiapas, con 129 pasajeros hacia el Aeropuerto Internacional de Puerto Pr\u00edncipe, en ese pa\u00eds caribe\u00f1o.<\/p>\n\n\n\n<figure class=\"wp-block-image size-large\"><img loading=\"lazy\" decoding=\"async\" width=\"1024\" height=\"768\" src=\"http:\/\/diariodigitalmx.com\/wp-content\/uploads\/2021\/10\/IMG-20211006-WA0021-1024x768.jpg\" alt=\"\" class=\"wp-image-63504\" srcset=\"https:\/\/diariodigitalmx.com\/wp-content\/uploads\/2021\/10\/IMG-20211006-WA0021-1024x768.jpg 1024w, https:\/\/diariodigitalmx.com\/wp-content\/uploads\/2021\/10\/IMG-20211006-WA0021-300x225.jpg 300w, https:\/\/diariodigitalmx.com\/wp-content\/uploads\/2021\/10\/IMG-20211006-WA0021-768x576.jpg 768w, https:\/\/diariodigitalmx.com\/wp-content\/uploads\/2021\/10\/IMG-20211006-WA0021-1536x1152.jpg 1536w, https:\/\/diariodigitalmx.com\/wp-content\/uploads\/2021\/10\/IMG-20211006-WA0021.jpg 1600w\" sizes=\"(max-width: 1024px) 100vw, 1024px\" \/><\/figure>\n\n\n\n<p>Estas acciones forman parte de la mesa de di\u00e1logo permanente, instalada el 21 de septiembre pasado en las oficinas centrales del INM, entre representantes del Gobierno de M\u00e9xico y Hait\u00ed, con la finalidad de atender las necesidades de la poblaci\u00f3n migrante de origen haitiano, ubicadas en territorio nacional.<\/p>\n\n\n\n<p>De esta manera, se refrenda el compromiso por una migraci\u00f3n segura, ordenada y regular, con pleno respeto y salvaguarda de los derechos humanos, as\u00ed como para fortalecer los lazos de cooperaci\u00f3n entre el Gobierno de M\u00e9xico y otras naciones a favor de quienes se encuentran en contexto de movilidad.<\/p>\n","protected":false},"excerpt":{"rendered":"<p>\u2022 Refrenda INM compromiso por una migraci\u00f3n segura, ordenada y regular \u2022 Tambi\u00e9n para fortalecer la cooperaci\u00f3n entre el Gobierno de M\u00e9xico y otras naciones a favor de quienes se encuentran en contexto de movilidad E Instituto Nacional de Migraci\u00f3n (INM) llev\u00f3 a cabo el retorno de personas migrantes originarias de Hait\u00ed, con apego a [&hellip;]<\/p>\n","protected":false},"author":1,"featured_media":63503,"comment_status":"open","ping_status":"open","sticky":true,"template":"","format":"standard","meta":{"footnotes":""},"categories":[2,3],"tags":[],"_links":{"self":[{"href":"https:\/\/diariodigitalmx.com\/index.php\/wp-json\/wp\/v2\/posts\/63501"}],"collection":[{"href":"https:\/\/diariodigitalmx.com\/index.php\/wp-json\/wp\/v2\/posts"}],"about":[{"href":"https:\/\/diariodigitalmx.com\/index.php\/wp-json\/wp\/v2\/types\/post"}],"author":[{"embeddable":true,"href":"https:\/\/diariodigitalmx.com\/index.php\/wp-json\/wp\/v2\/users\/1"}],"replies":[{"embeddable":true,"href":"https:\/\/diariodigitalmx.com\/index.php\/wp-json\/wp\/v2\/comments?post=63501"}],"version-history":[{"count":3,"href":"https:\/\/diariodigitalmx.com\/index.php\/wp-json\/wp\/v2\/posts\/63501\/revisions"}],"predecessor-version":[{"id":63507,"href":"https:\/\/diariodigitalmx.com\/index.php\/wp-json\/wp\/v2\/posts\/63501\/revisions\/63507"}],"wp:featuredmedia":[{"embeddable":true,"href":"https:\/\/diariodigitalmx.com\/index.php\/wp-json\/wp\/v2\/media\/63503"}],"wp:attachment":[{"href":"https:\/\/diariodigitalmx.com\/index.php\/wp-json\/wp\/v2\/media?parent=63501"}],"wp:term":[{"taxonomy":"category","embeddable":true,"href":"https:\/\/diariodigitalmx.com\/index.php\/wp-json\/wp\/v2\/categories?post=63501"},{"taxonomy":"post_tag","embeddable":true,"href":"https:\/\/diariodigitalmx.com\/index.php\/wp-json\/wp\/v2\/tags?post=63501"}],"curies":[{"name":"wp","href":"https:\/\/api.w.org\/{rel}","templated":true}]}}