{"id":63508,"date":"2021-10-06T18:03:30","date_gmt":"2021-10-06T23:03:30","guid":{"rendered":"http:\/\/diariodigitalmx.com\/?p=63508"},"modified":"2021-10-06T18:04:17","modified_gmt":"2021-10-06T23:04:17","slug":"el-veto-a-beto","status":"publish","type":"post","link":"https:\/\/diariodigitalmx.com\/index.php\/2021\/10\/06\/el-veto-a-beto\/","title":{"rendered":"El \u201cveto\u201d a Beto"},"content":{"rendered":"\n<p>Por Salvador Hern\u00e1ndez <strong><em>LANDEROS<\/em><\/strong><\/p>\n\n\n\n<p>A\u00fan no es invierno, pero dicen que quien anda helado, paleta, <strong><em>es el propietario del PT, Alberto \u201cBeto\u201d Anaya<\/em><\/strong>, fundador del Frente Popular Tierra y Libertad.<\/p>\n\n\n\n<p>Cuentan que AMLO le aplic\u00f3 a <strong><em>\u201cBeto\u201d<\/em><\/strong> un veto que hasta los regios resintieron al perder <strong><em>\u201cuna bella tradici\u00f3n<\/em><\/strong>\u201d, como la marcha del \u201c2 de octubre no se olvida\u201d.<\/p>\n\n\n\n<p>Puede ser que esa marcha, iniciada hace m\u00e1s de tres d\u00e9cadas, <strong><em>se suspendi\u00f3 por ese veto, o bien, porque Alberto Anaya perdi\u00f3 el registro del PT en NL<\/em><\/strong>.<\/p>\n\n\n\n<p>Sobre el veto presidencial, dicen, que todo empez\u00f3 porque en las elecciones del 6 de junio, <strong><em>el Partido del Trabajo no obtuvo ninguna posici\u00f3n. Perdi\u00f3 todo<\/em><\/strong>.<\/p>\n\n\n\n<p>Despu\u00e9s, trascendi\u00f3 en columnas pol\u00edticas que tanto el PAN como el PRI, <strong><em>ma\u00f1osamente o legalmente, le iban a compartir tres diputaciones locales<\/em><\/strong>.<\/p>\n\n\n\n<p>De ese movimiento, los <strong><em>\u201cSiervos de la Naci\u00f3n<\/em><\/strong>\u201d aqu\u00ed en NL, enteraron lo que supuestamente se estaba preparando <strong><em>para que el PT sirviera al PAN Y PRI<\/em><\/strong>.<\/p>\n\n\n\n<p>Que la reacci\u00f3n del presidente Andr\u00e9s Manuel no se hizo esperar. <strong><em>A trav\u00e9s del INE mand\u00f3 a \u201cBeto\u201d un calambre de casi 120 millones, pero no de kilowatts<\/em><\/strong>.&nbsp;<\/p>\n\n\n\n<p>El INE le revivi\u00f3 lo que orill\u00f3 que la esposa de \u201cBeto\u201d Anaya, <strong><em>se refugiara en un lugar secreto para no ser procesada por un presunto desv\u00edo financiero<\/em><\/strong><\/p>\n\n\n\n<p><strong><em>De acuerdo con autoridades electorales, se plante\u00f3 aplicar una multa de $120 millones al PT al considerar que usaron $59 millones para actos proselitistas<\/em><\/strong>.<\/p>\n\n\n\n<p><strong><em>Lo anterior viene desde octubre del 2017, cuando la antes PGR, destap\u00f3 la cloaca millonaria de los l\u00edderes del PT, hecha a trav\u00e9s de sus CENDIS<\/em><\/strong>.&nbsp;<\/p>\n\n\n\n<p>Alberto Anaya sali\u00f3 a declarar que no hab\u00eda delito alguno, que ese asunto estaba aclarado<strong><em>, pero se le olvida que \u201cpapelito habla<\/em><\/strong>\u201d. Cuesti\u00f3n de mostrarlo, <strong><em>Punto<\/em><\/strong>.<\/p>\n\n\n\n<p><a href=\"mailto:chavalolanderos@yahoo.com.mx\">chavalolanderos@yahoo.com.mx<\/a><\/p>\n","protected":false},"excerpt":{"rendered":"<p>Por Salvador Hern\u00e1ndez LANDEROS A\u00fan no es invierno, pero dicen que quien anda helado, paleta, es el propietario del PT, Alberto \u201cBeto\u201d Anaya, fundador del Frente Popular Tierra y Libertad. Cuentan que AMLO le aplic\u00f3 a \u201cBeto\u201d un veto que hasta los regios resintieron al perder \u201cuna bella tradici\u00f3n\u201d, como la marcha del \u201c2 de [&hellip;]<\/p>\n","protected":false},"author":1,"featured_media":63510,"comment_status":"open","ping_status":"open","sticky":true,"template":"","format":"standard","meta":{"footnotes":""},"categories":[12,5],"tags":[],"_links":{"self":[{"href":"https:\/\/diariodigitalmx.com\/index.php\/wp-json\/wp\/v2\/posts\/63508"}],"collection":[{"href":"https:\/\/diariodigitalmx.com\/index.php\/wp-json\/wp\/v2\/posts"}],"about":[{"href":"https:\/\/diariodigitalmx.com\/index.php\/wp-json\/wp\/v2\/types\/post"}],"author":[{"embeddable":true,"href":"https:\/\/diariodigitalmx.com\/index.php\/wp-json\/wp\/v2\/users\/1"}],"replies":[{"embeddable":true,"href":"https:\/\/diariodigitalmx.com\/index.php\/wp-json\/wp\/v2\/comments?post=63508"}],"version-history":[{"count":1,"href":"https:\/\/diariodigitalmx.com\/index.php\/wp-json\/wp\/v2\/posts\/63508\/revisions"}],"predecessor-version":[{"id":63509,"href":"https:\/\/diariodigitalmx.com\/index.php\/wp-json\/wp\/v2\/posts\/63508\/revisions\/63509"}],"wp:featuredmedia":[{"embeddable":true,"href":"https:\/\/diariodigitalmx.com\/index.php\/wp-json\/wp\/v2\/media\/63510"}],"wp:attachment":[{"href":"https:\/\/diariodigitalmx.com\/index.php\/wp-json\/wp\/v2\/media?parent=63508"}],"wp:term":[{"taxonomy":"category","embeddable":true,"href":"https:\/\/diariodigitalmx.com\/index.php\/wp-json\/wp\/v2\/categories?post=63508"},{"taxonomy":"post_tag","embeddable":true,"href":"https:\/\/diariodigitalmx.com\/index.php\/wp-json\/wp\/v2\/tags?post=63508"}],"curies":[{"name":"wp","href":"https:\/\/api.w.org\/{rel}","templated":true}]}}