{"id":63542,"date":"2021-10-07T18:33:39","date_gmt":"2021-10-07T23:33:39","guid":{"rendered":"http:\/\/diariodigitalmx.com\/?p=63542"},"modified":"2021-10-07T18:34:17","modified_gmt":"2021-10-07T23:34:17","slug":"bombas-para-samuel","status":"publish","type":"post","link":"https:\/\/diariodigitalmx.com\/index.php\/2021\/10\/07\/bombas-para-samuel\/","title":{"rendered":"&#8220;Bombas&#8221; para Samuel"},"content":{"rendered":"\n<p>Ra\u00fal Guajardo <\/p>\n\n\n\n<p>En un entrevista realizada antes de tomar posesi\u00f3n el gobernador Samuel Garc\u00eda asegur\u00f3 que sabe que en la administraci\u00f3n que apenas inicia enfrentar\u00e1 \u201cbombas\u201d que le dej\u00f3 la administraci\u00f3n anterior.<\/p>\n\n\n\n<p>Dijo estar seguro de que no le explotar\u00e1n en las manos, sin embargo, es conveniente destacar que en este tipo de casos \u201cverse sobrado\u201d pudiera no ser la mejor estrategia porque en una de esas, si en realidad llega a explotarle en las manos una de esas \u201cbombas\u201d, su imagen se deteriorar\u00e1 puesto que si ya sab\u00eda qu\u00e9 le esperaba, \u00bfc\u00f3mo pudo ser posible que le estallara en las manos el problema?<\/p>\n\n\n\n<p>Pero imagen aparte, si hay \u201cbombas\u201d en el gobierno, quiere decir que alguien las \u201ccoloc\u00f3\u201d y ese alguien debe ser penalizado por ello, y con esa declaraci\u00f3n Samuel ya est\u00e1 adelantando juicios y, de alguna forma, dejando de lado la posibilidad de que a los culpables se les juzgue.<\/p>\n\n\n\n<p>Pongamos por caso lo que sucedi\u00f3 el a\u00f1o anterior con el aguinaldo de los maestros, el impago se present\u00f3 por falta de previsi\u00f3n, simplemente, seg\u00fan las declaraciones de los funcionarios, los recursos, etiquetados para aguinaldos, se dirigieron a enfrentar los gastos ocasionados por la pandemia.<\/p>\n\n\n\n<p>Si esto es as\u00ed, ah\u00ed hay un indicio a seguir de un probable delito y si nuevamente se presenta un caso similar, ya que es probable que no le haya quedado dinero para enfrentar las obligaciones m\u00e1s elementales, lo m\u00e1s probable es que el magisterio no se lo dejar\u00e1 pasar y habr\u00e1 problemas serios.<\/p>\n\n\n\n<p>Samuel se manej\u00f3 bien durante el periodo previo a la toma de posesi\u00f3n, mostr\u00f3 madurez, oficio, por ello extra\u00f1a este tipo de declaraciones, no vaya a ser que le salga lo \u201cverde\u201d ya en el gobierno.<\/p>\n\n\n\n<p>Esperemos que no sea as\u00ed.<\/p>\n","protected":false},"excerpt":{"rendered":"<p>Ra\u00fal Guajardo En un entrevista realizada antes de tomar posesi\u00f3n el gobernador Samuel Garc\u00eda asegur\u00f3 que sabe que en la administraci\u00f3n que apenas inicia enfrentar\u00e1 \u201cbombas\u201d que le dej\u00f3 la administraci\u00f3n anterior. Dijo estar seguro de que no le explotar\u00e1n en las manos, sin embargo, es conveniente destacar que en este tipo de casos \u201cverse [&hellip;]<\/p>\n","protected":false},"author":1,"featured_media":63544,"comment_status":"open","ping_status":"open","sticky":true,"template":"","format":"standard","meta":{"footnotes":""},"categories":[12,3],"tags":[],"_links":{"self":[{"href":"https:\/\/diariodigitalmx.com\/index.php\/wp-json\/wp\/v2\/posts\/63542"}],"collection":[{"href":"https:\/\/diariodigitalmx.com\/index.php\/wp-json\/wp\/v2\/posts"}],"about":[{"href":"https:\/\/diariodigitalmx.com\/index.php\/wp-json\/wp\/v2\/types\/post"}],"author":[{"embeddable":true,"href":"https:\/\/diariodigitalmx.com\/index.php\/wp-json\/wp\/v2\/users\/1"}],"replies":[{"embeddable":true,"href":"https:\/\/diariodigitalmx.com\/index.php\/wp-json\/wp\/v2\/comments?post=63542"}],"version-history":[{"count":1,"href":"https:\/\/diariodigitalmx.com\/index.php\/wp-json\/wp\/v2\/posts\/63542\/revisions"}],"predecessor-version":[{"id":63543,"href":"https:\/\/diariodigitalmx.com\/index.php\/wp-json\/wp\/v2\/posts\/63542\/revisions\/63543"}],"wp:featuredmedia":[{"embeddable":true,"href":"https:\/\/diariodigitalmx.com\/index.php\/wp-json\/wp\/v2\/media\/63544"}],"wp:attachment":[{"href":"https:\/\/diariodigitalmx.com\/index.php\/wp-json\/wp\/v2\/media?parent=63542"}],"wp:term":[{"taxonomy":"category","embeddable":true,"href":"https:\/\/diariodigitalmx.com\/index.php\/wp-json\/wp\/v2\/categories?post=63542"},{"taxonomy":"post_tag","embeddable":true,"href":"https:\/\/diariodigitalmx.com\/index.php\/wp-json\/wp\/v2\/tags?post=63542"}],"curies":[{"name":"wp","href":"https:\/\/api.w.org\/{rel}","templated":true}]}}