{"id":63582,"date":"2021-10-07T23:22:16","date_gmt":"2021-10-08T04:22:16","guid":{"rendered":"http:\/\/diariodigitalmx.com\/?p=63582"},"modified":"2021-10-07T23:28:35","modified_gmt":"2021-10-08T04:28:35","slug":"las-asociaciones-vecinales-una-organizacion-que-se-afianza-en-la-labor-social","status":"publish","type":"post","link":"https:\/\/diariodigitalmx.com\/index.php\/2021\/10\/07\/las-asociaciones-vecinales-una-organizacion-que-se-afianza-en-la-labor-social\/","title":{"rendered":"Las Asociaciones Vecinales, una organizaci\u00f3n que se afianza en la labor social"},"content":{"rendered":"\n<p>Las Asociaciones Vecinales &#8220;Teresa Serv\u00edn L\u00f3pez&#8221;, mantienen el rumbo, el trabajo y la solidaridad con las familias y grupos vulnerables, independientemente de los cambios de administraci\u00f3n estatal y municipal, respectivamente.&nbsp;<\/p>\n\n\n\n<p>El trabajo coordinado con las familias en la zona metropolitana y municipios aleda\u00f1os, permite detectar puntos donde se requiere el apoyo solidario y hasta donde no acuden los gobiernos, apunta Osvaldo Serna Serv\u00edn, presidente de la organizaci\u00f3n que integra a unas 25 mil personas.<\/p>\n\n\n\n<figure class=\"wp-block-gallery columns-3 is-cropped wp-block-gallery-1 is-layout-flex wp-block-gallery-is-layout-flex\"><ul class=\"blocks-gallery-grid\"><li class=\"blocks-gallery-item\"><figure><img loading=\"lazy\" decoding=\"async\" width=\"960\" height=\"720\" src=\"http:\/\/diariodigitalmx.com\/wp-content\/uploads\/2021\/10\/FB_IMG_1633545243090.jpg\" alt=\"\" data-id=\"63586\" data-full-url=\"http:\/\/diariodigitalmx.com\/wp-content\/uploads\/2021\/10\/FB_IMG_1633545243090.jpg\" data-link=\"http:\/\/diariodigitalmx.com\/index.php\/2021\/10\/07\/las-asociaciones-vecinales-una-organizacion-que-se-afianza-en-la-labor-social\/fb_img_1633545243090\/\" class=\"wp-image-63586\" srcset=\"https:\/\/diariodigitalmx.com\/wp-content\/uploads\/2021\/10\/FB_IMG_1633545243090.jpg 960w, https:\/\/diariodigitalmx.com\/wp-content\/uploads\/2021\/10\/FB_IMG_1633545243090-300x225.jpg 300w, https:\/\/diariodigitalmx.com\/wp-content\/uploads\/2021\/10\/FB_IMG_1633545243090-768x576.jpg 768w\" sizes=\"(max-width: 960px) 100vw, 960px\" \/><\/figure><\/li><li class=\"blocks-gallery-item\"><figure><img loading=\"lazy\" decoding=\"async\" width=\"960\" height=\"720\" src=\"http:\/\/diariodigitalmx.com\/wp-content\/uploads\/2021\/10\/FB_IMG_1633545229230.jpg\" alt=\"\" data-id=\"63587\" data-full-url=\"http:\/\/diariodigitalmx.com\/wp-content\/uploads\/2021\/10\/FB_IMG_1633545229230.jpg\" data-link=\"http:\/\/diariodigitalmx.com\/index.php\/2021\/10\/07\/las-asociaciones-vecinales-una-organizacion-que-se-afianza-en-la-labor-social\/fb_img_1633545229230\/\" class=\"wp-image-63587\" srcset=\"https:\/\/diariodigitalmx.com\/wp-content\/uploads\/2021\/10\/FB_IMG_1633545229230.jpg 960w, https:\/\/diariodigitalmx.com\/wp-content\/uploads\/2021\/10\/FB_IMG_1633545229230-300x225.jpg 300w, https:\/\/diariodigitalmx.com\/wp-content\/uploads\/2021\/10\/FB_IMG_1633545229230-768x576.jpg 768w\" sizes=\"(max-width: 960px) 100vw, 960px\" \/><\/figure><\/li><li class=\"blocks-gallery-item\"><figure><img loading=\"lazy\" decoding=\"async\" width=\"960\" height=\"720\" src=\"http:\/\/diariodigitalmx.com\/wp-content\/uploads\/2021\/10\/FB_IMG_1633545215801.jpg\" alt=\"\" data-id=\"63589\" data-full-url=\"http:\/\/diariodigitalmx.com\/wp-content\/uploads\/2021\/10\/FB_IMG_1633545215801.jpg\" data-link=\"http:\/\/diariodigitalmx.com\/index.php\/2021\/10\/07\/las-asociaciones-vecinales-una-organizacion-que-se-afianza-en-la-labor-social\/fb_img_1633545215801\/\" class=\"wp-image-63589\" srcset=\"https:\/\/diariodigitalmx.com\/wp-content\/uploads\/2021\/10\/FB_IMG_1633545215801.jpg 960w, https:\/\/diariodigitalmx.com\/wp-content\/uploads\/2021\/10\/FB_IMG_1633545215801-300x225.jpg 300w, https:\/\/diariodigitalmx.com\/wp-content\/uploads\/2021\/10\/FB_IMG_1633545215801-768x576.jpg 768w\" sizes=\"(max-width: 960px) 100vw, 960px\" \/><\/figure><\/li><li class=\"blocks-gallery-item\"><figure><img loading=\"lazy\" decoding=\"async\" width=\"720\" height=\"960\" src=\"http:\/\/diariodigitalmx.com\/wp-content\/uploads\/2021\/10\/FB_IMG_1633545208802.jpg\" alt=\"\" data-id=\"63590\" data-full-url=\"http:\/\/diariodigitalmx.com\/wp-content\/uploads\/2021\/10\/FB_IMG_1633545208802.jpg\" data-link=\"http:\/\/diariodigitalmx.com\/index.php\/2021\/10\/07\/las-asociaciones-vecinales-una-organizacion-que-se-afianza-en-la-labor-social\/fb_img_1633545208802\/\" class=\"wp-image-63590\" srcset=\"https:\/\/diariodigitalmx.com\/wp-content\/uploads\/2021\/10\/FB_IMG_1633545208802.jpg 720w, https:\/\/diariodigitalmx.com\/wp-content\/uploads\/2021\/10\/FB_IMG_1633545208802-225x300.jpg 225w\" sizes=\"(max-width: 720px) 100vw, 720px\" \/><\/figure><\/li><li class=\"blocks-gallery-item\"><figure><img loading=\"lazy\" decoding=\"async\" width=\"828\" height=\"880\" src=\"http:\/\/diariodigitalmx.com\/wp-content\/uploads\/2021\/10\/FB_IMG_1633545038529.jpg\" alt=\"\" data-id=\"63591\" data-full-url=\"http:\/\/diariodigitalmx.com\/wp-content\/uploads\/2021\/10\/FB_IMG_1633545038529.jpg\" data-link=\"http:\/\/diariodigitalmx.com\/index.php\/2021\/10\/07\/las-asociaciones-vecinales-una-organizacion-que-se-afianza-en-la-labor-social\/fb_img_1633545038529\/\" class=\"wp-image-63591\" srcset=\"https:\/\/diariodigitalmx.com\/wp-content\/uploads\/2021\/10\/FB_IMG_1633545038529.jpg 828w, https:\/\/diariodigitalmx.com\/wp-content\/uploads\/2021\/10\/FB_IMG_1633545038529-282x300.jpg 282w, https:\/\/diariodigitalmx.com\/wp-content\/uploads\/2021\/10\/FB_IMG_1633545038529-768x816.jpg 768w\" sizes=\"(max-width: 828px) 100vw, 828px\" \/><\/figure><\/li><\/ul><\/figure>\n\n\n\n<p>Los cambios de gobierno no son pretexto para parar, seguimos con la cercan\u00eda a la gente, les llevamos apoyos en alimentos de la canasta b\u00e1sica, aparatos ortop\u00e9dicos, medicinas y \u00fatiles escolares, agrega Serna.&nbsp;<\/p>\n\n\n\n<p>En el \u00faltimo mes han estado las brigadas en los municipios de Monterrey, Apodaca, San Nicol\u00e1s y Garc\u00eda donde recorren colonias y sectores diversos para atender el llamado.<\/p>\n\n\n\n<figure class=\"wp-block-gallery columns-1 is-cropped wp-block-gallery-2 is-layout-flex wp-block-gallery-is-layout-flex\"><ul class=\"blocks-gallery-grid\"><li class=\"blocks-gallery-item\"><figure><img loading=\"lazy\" decoding=\"async\" width=\"720\" height=\"960\" src=\"http:\/\/diariodigitalmx.com\/wp-content\/uploads\/2021\/10\/FB_IMG_1633545074499.jpg\" alt=\"\" data-id=\"63593\" data-full-url=\"http:\/\/diariodigitalmx.com\/wp-content\/uploads\/2021\/10\/FB_IMG_1633545074499.jpg\" data-link=\"http:\/\/diariodigitalmx.com\/index.php\/2021\/10\/07\/las-asociaciones-vecinales-una-organizacion-que-se-afianza-en-la-labor-social\/fb_img_1633545074499\/\" class=\"wp-image-63593\" srcset=\"https:\/\/diariodigitalmx.com\/wp-content\/uploads\/2021\/10\/FB_IMG_1633545074499.jpg 720w, https:\/\/diariodigitalmx.com\/wp-content\/uploads\/2021\/10\/FB_IMG_1633545074499-225x300.jpg 225w\" sizes=\"(max-width: 720px) 100vw, 720px\" \/><\/figure><\/li><\/ul><\/figure>\n\n\n\n<p>Un eficiente y pr\u00e1ctico equipo de trabajo acompa\u00f1an a Osvaldo Serna entre quienes se encuentran H\u00e9ctor Alejandro Castro, secretario de la Base Secci\u00f3n 1, y Martin Tello Garc\u00eda, secretario de Conflictos de la misma; Monica Serna\u00a0 y Ramiro Vargas entre otros, as\u00ed como las coordinadoras en las colonias.<\/p>\n\n\n\n<figure class=\"wp-block-gallery columns-3 is-cropped wp-block-gallery-3 is-layout-flex wp-block-gallery-is-layout-flex\"><ul class=\"blocks-gallery-grid\"><li class=\"blocks-gallery-item\"><figure><img loading=\"lazy\" decoding=\"async\" width=\"720\" height=\"960\" src=\"http:\/\/diariodigitalmx.com\/wp-content\/uploads\/2021\/10\/FB_IMG_1633545177168.jpg\" alt=\"\" data-id=\"63596\" data-full-url=\"http:\/\/diariodigitalmx.com\/wp-content\/uploads\/2021\/10\/FB_IMG_1633545177168.jpg\" data-link=\"http:\/\/diariodigitalmx.com\/index.php\/2021\/10\/07\/las-asociaciones-vecinales-una-organizacion-que-se-afianza-en-la-labor-social\/fb_img_1633545177168\/\" class=\"wp-image-63596\" srcset=\"https:\/\/diariodigitalmx.com\/wp-content\/uploads\/2021\/10\/FB_IMG_1633545177168.jpg 720w, https:\/\/diariodigitalmx.com\/wp-content\/uploads\/2021\/10\/FB_IMG_1633545177168-225x300.jpg 225w\" sizes=\"(max-width: 720px) 100vw, 720px\" \/><\/figure><\/li><li class=\"blocks-gallery-item\"><figure><img loading=\"lazy\" decoding=\"async\" width=\"720\" height=\"960\" src=\"http:\/\/diariodigitalmx.com\/wp-content\/uploads\/2021\/10\/FB_IMG_1633545174148.jpg\" alt=\"\" data-id=\"63597\" data-full-url=\"http:\/\/diariodigitalmx.com\/wp-content\/uploads\/2021\/10\/FB_IMG_1633545174148.jpg\" data-link=\"http:\/\/diariodigitalmx.com\/index.php\/2021\/10\/07\/las-asociaciones-vecinales-una-organizacion-que-se-afianza-en-la-labor-social\/fb_img_1633545174148\/\" class=\"wp-image-63597\" srcset=\"https:\/\/diariodigitalmx.com\/wp-content\/uploads\/2021\/10\/FB_IMG_1633545174148.jpg 720w, https:\/\/diariodigitalmx.com\/wp-content\/uploads\/2021\/10\/FB_IMG_1633545174148-225x300.jpg 225w\" sizes=\"(max-width: 720px) 100vw, 720px\" \/><\/figure><\/li><li class=\"blocks-gallery-item\"><figure><img loading=\"lazy\" decoding=\"async\" width=\"720\" height=\"960\" src=\"http:\/\/diariodigitalmx.com\/wp-content\/uploads\/2021\/10\/FB_IMG_1633545187544.jpg\" alt=\"\" data-id=\"63598\" data-full-url=\"http:\/\/diariodigitalmx.com\/wp-content\/uploads\/2021\/10\/FB_IMG_1633545187544.jpg\" data-link=\"http:\/\/diariodigitalmx.com\/index.php\/2021\/10\/07\/las-asociaciones-vecinales-una-organizacion-que-se-afianza-en-la-labor-social\/fb_img_1633545187544\/\" class=\"wp-image-63598\" srcset=\"https:\/\/diariodigitalmx.com\/wp-content\/uploads\/2021\/10\/FB_IMG_1633545187544.jpg 720w, https:\/\/diariodigitalmx.com\/wp-content\/uploads\/2021\/10\/FB_IMG_1633545187544-225x300.jpg 225w\" sizes=\"(max-width: 720px) 100vw, 720px\" \/><\/figure><\/li><\/ul><\/figure>\n\n\n\n<p>En este octubre, la organizaci\u00f3n cumple tres a\u00f1os de haberse fundado y de trabajar en la labor social semanalmente y directamente con las familias, pero ello, implica trabajo de oficina, de planeaci\u00f3n y b\u00fasqueda de los recursos, explica Osvaldo Serna Serv\u00edn.&nbsp;<\/p>\n\n\n\n<p>La labor seguir\u00e1 y el fortalecimiento de las Asociaciones Vecinales como una forma de trabajo social permanente, dijo finalmente Osvaldo Serna.&nbsp;<\/p>\n","protected":false},"excerpt":{"rendered":"<p>Las Asociaciones Vecinales &#8220;Teresa Serv\u00edn L\u00f3pez&#8221;, mantienen el rumbo, el trabajo y la solidaridad con las familias y grupos vulnerables, independientemente de los cambios de administraci\u00f3n estatal y municipal, respectivamente.&nbsp; El trabajo coordinado con las familias en la zona metropolitana y municipios aleda\u00f1os, permite detectar puntos donde se requiere el apoyo solidario y hasta donde [&hellip;]<\/p>\n","protected":false},"author":1,"featured_media":63584,"comment_status":"open","ping_status":"open","sticky":true,"template":"","format":"standard","meta":{"footnotes":""},"categories":[14,6,1],"tags":[],"_links":{"self":[{"href":"https:\/\/diariodigitalmx.com\/index.php\/wp-json\/wp\/v2\/posts\/63582"}],"collection":[{"href":"https:\/\/diariodigitalmx.com\/index.php\/wp-json\/wp\/v2\/posts"}],"about":[{"href":"https:\/\/diariodigitalmx.com\/index.php\/wp-json\/wp\/v2\/types\/post"}],"author":[{"embeddable":true,"href":"https:\/\/diariodigitalmx.com\/index.php\/wp-json\/wp\/v2\/users\/1"}],"replies":[{"embeddable":true,"href":"https:\/\/diariodigitalmx.com\/index.php\/wp-json\/wp\/v2\/comments?post=63582"}],"version-history":[{"count":4,"href":"https:\/\/diariodigitalmx.com\/index.php\/wp-json\/wp\/v2\/posts\/63582\/revisions"}],"predecessor-version":[{"id":63599,"href":"https:\/\/diariodigitalmx.com\/index.php\/wp-json\/wp\/v2\/posts\/63582\/revisions\/63599"}],"wp:featuredmedia":[{"embeddable":true,"href":"https:\/\/diariodigitalmx.com\/index.php\/wp-json\/wp\/v2\/media\/63584"}],"wp:attachment":[{"href":"https:\/\/diariodigitalmx.com\/index.php\/wp-json\/wp\/v2\/media?parent=63582"}],"wp:term":[{"taxonomy":"category","embeddable":true,"href":"https:\/\/diariodigitalmx.com\/index.php\/wp-json\/wp\/v2\/categories?post=63582"},{"taxonomy":"post_tag","embeddable":true,"href":"https:\/\/diariodigitalmx.com\/index.php\/wp-json\/wp\/v2\/tags?post=63582"}],"curies":[{"name":"wp","href":"https:\/\/api.w.org\/{rel}","templated":true}]}}