{"id":63628,"date":"2021-10-08T18:05:29","date_gmt":"2021-10-08T23:05:29","guid":{"rendered":"http:\/\/diariodigitalmx.com\/?p=63628"},"modified":"2021-10-08T18:06:33","modified_gmt":"2021-10-08T23:06:33","slug":"cae-aeronave-en-salinas-victoria-nuevo-leon","status":"publish","type":"post","link":"https:\/\/diariodigitalmx.com\/index.php\/2021\/10\/08\/cae-aeronave-en-salinas-victoria-nuevo-leon\/","title":{"rendered":"Cae aeronave en Salinas Victoria, Nuevo Le\u00f3n"},"content":{"rendered":"\n<p>Monterrey &#8211; Una aeronave se desplom\u00f3 en el lugar conocido como Mamulique en el municipio de Salinas Victoria, unos 45 kil\u00f3metros al norte de Monterrey.&nbsp;<\/p>\n\n\n\n<p>De acuerdo a los primeros informes de Protecci\u00f3n Civil del Estado, hay tres personas lesionadas que viajaban en la nave.&nbsp;<\/p>\n\n\n\n<p>Se trata de un avi\u00f3n Piper Lance, con matr\u00edcula N30109, y que hab\u00eda salido del Aeropuerto del Norte, ubicado en las cercan\u00edas del lugar.&nbsp;<\/p>\n\n\n\n<p>El accidente se report\u00f3 minutos antes de las 17 horas con tres personas lesionadas al desplomarse la aeronave en el \u00e1rea del Ejido Mamulique.<\/p>\n\n\n\n<figure class=\"wp-block-image size-large\"><img loading=\"lazy\" decoding=\"async\" width=\"1024\" height=\"768\" src=\"http:\/\/diariodigitalmx.com\/wp-content\/uploads\/2021\/10\/IMG-20211008-WA0013-1024x768.jpg\" alt=\"\" class=\"wp-image-63631\" srcset=\"https:\/\/diariodigitalmx.com\/wp-content\/uploads\/2021\/10\/IMG-20211008-WA0013-1024x768.jpg 1024w, https:\/\/diariodigitalmx.com\/wp-content\/uploads\/2021\/10\/IMG-20211008-WA0013-300x225.jpg 300w, https:\/\/diariodigitalmx.com\/wp-content\/uploads\/2021\/10\/IMG-20211008-WA0013-768x576.jpg 768w, https:\/\/diariodigitalmx.com\/wp-content\/uploads\/2021\/10\/IMG-20211008-WA0013-1536x1152.jpg 1536w, https:\/\/diariodigitalmx.com\/wp-content\/uploads\/2021\/10\/IMG-20211008-WA0013.jpg 1600w\" sizes=\"(max-width: 1024px) 100vw, 1024px\" \/><\/figure>\n\n\n\n<p>Apenas el lunes 4 de esta misma semana una avioneta se desplom\u00f3 en el municipio de Vallecillo, unos 120 kil\u00f3metros al norte con saldo de dos personas lesionadas.&nbsp;<\/p>\n\n\n\n<p>La aeronave que proven\u00eda de Texas con rumbo al aeropuerto Del Norte&nbsp; se incendi\u00f3 al impactar en la tierra.&nbsp;<\/p>\n\n\n\n<p>Este aeropuerto es utilizado por corporaciones empresariales y particulares principalmente, y anta\u00f1o fue el puerto a\u00e9reo comercial antes de construirse el actual Mariano Escobedo.&nbsp;<\/p>\n","protected":false},"excerpt":{"rendered":"<p>Monterrey &#8211; Una aeronave se desplom\u00f3 en el lugar conocido como Mamulique en el municipio de Salinas Victoria, unos 45 kil\u00f3metros al norte de Monterrey.&nbsp; De acuerdo a los primeros informes de Protecci\u00f3n Civil del Estado, hay tres personas lesionadas que viajaban en la nave.&nbsp; Se trata de un avi\u00f3n Piper Lance, con matr\u00edcula N30109, [&hellip;]<\/p>\n","protected":false},"author":1,"featured_media":63630,"comment_status":"open","ping_status":"open","sticky":true,"template":"","format":"standard","meta":{"footnotes":""},"categories":[3,7],"tags":[],"_links":{"self":[{"href":"https:\/\/diariodigitalmx.com\/index.php\/wp-json\/wp\/v2\/posts\/63628"}],"collection":[{"href":"https:\/\/diariodigitalmx.com\/index.php\/wp-json\/wp\/v2\/posts"}],"about":[{"href":"https:\/\/diariodigitalmx.com\/index.php\/wp-json\/wp\/v2\/types\/post"}],"author":[{"embeddable":true,"href":"https:\/\/diariodigitalmx.com\/index.php\/wp-json\/wp\/v2\/users\/1"}],"replies":[{"embeddable":true,"href":"https:\/\/diariodigitalmx.com\/index.php\/wp-json\/wp\/v2\/comments?post=63628"}],"version-history":[{"count":2,"href":"https:\/\/diariodigitalmx.com\/index.php\/wp-json\/wp\/v2\/posts\/63628\/revisions"}],"predecessor-version":[{"id":63632,"href":"https:\/\/diariodigitalmx.com\/index.php\/wp-json\/wp\/v2\/posts\/63628\/revisions\/63632"}],"wp:featuredmedia":[{"embeddable":true,"href":"https:\/\/diariodigitalmx.com\/index.php\/wp-json\/wp\/v2\/media\/63630"}],"wp:attachment":[{"href":"https:\/\/diariodigitalmx.com\/index.php\/wp-json\/wp\/v2\/media?parent=63628"}],"wp:term":[{"taxonomy":"category","embeddable":true,"href":"https:\/\/diariodigitalmx.com\/index.php\/wp-json\/wp\/v2\/categories?post=63628"},{"taxonomy":"post_tag","embeddable":true,"href":"https:\/\/diariodigitalmx.com\/index.php\/wp-json\/wp\/v2\/tags?post=63628"}],"curies":[{"name":"wp","href":"https:\/\/api.w.org\/{rel}","templated":true}]}}